{"id":1306,"date":"2020-12-31T13:18:51","date_gmt":"2020-12-31T13:18:51","guid":{"rendered":"https:\/\/lostrappoquotidiano.it\/nuovo\/index.php\/2020\/12\/31\/disabile-lasciata-sola-all-ingresso-del-distretto-ad-attendere-un-medico-impegnato-a\/"},"modified":"2020-12-31T13:18:51","modified_gmt":"2020-12-31T13:18:51","slug":"disabile-lasciata-sola-all-ingresso-del-distretto-ad-attendere-un-medico-impegnato-a","status":"publish","type":"post","link":"https:\/\/lostrappoquotidiano.it\/index.php\/2020\/12\/31\/disabile-lasciata-sola-all-ingresso-del-distretto-ad-attendere-un-medico-impegnato-a\/","title":{"rendered":"Disabile lasciato solo all&#8217;ingresso del distretto ad attendere un medico, impegnato a \u2026"},"content":{"rendered":"<p><img loading=\"lazy\" decoding=\"async\" class=\" size-full wp-image-234\" style=\"display: block; margin-left: auto; margin-right: auto;\" src=\"https:\/\/lostrappoquotidiano.it\/nuovo\/wp-content\/uploads\/2017\/03\/distretto.JPG\" alt=\"\" width=\"557\" height=\"313\" srcset=\"https:\/\/lostrappoquotidiano.it\/wp-content\/uploads\/2017\/03\/distretto.JPG 1600w, https:\/\/lostrappoquotidiano.it\/wp-content\/uploads\/2017\/03\/distretto-300x169.jpg 300w, https:\/\/lostrappoquotidiano.it\/wp-content\/uploads\/2017\/03\/distretto-1024x576.jpg 1024w, https:\/\/lostrappoquotidiano.it\/wp-content\/uploads\/2017\/03\/distretto-768x432.jpg 768w, https:\/\/lostrappoquotidiano.it\/wp-content\/uploads\/2017\/03\/distretto-1536x864.jpg 1536w\" sizes=\"auto, (max-width: 557px) 100vw, 557px\" \/><\/p>\n<p><span style=\"font-family: 'times new roman', times, serif; font-size: 12pt;\">{module Firma_redazione}Caro direttore, sono un suo affezionato lettore e le scrivo perch\u00e9 profondamente indignato per\u00a0ci\u00f2 che mi \u00e8 capitato al distretto sanitario di Corigliano. Le racconto i fatti. Nonostante sia costretto, da alcuni anni, a muovermi su di una sedia a rotelle, pochi giorni fa sono andato, dopo prenotazione, negli ambulatori del distretto per sottopormi a visita specialistica. Qui, giunto all&#8217;ingresso con regolare impegnativa, ho notato che, nonostante l\u2019ambulatorio dove mi sarei dovuto recare fosse al primo piano, l\u2019ascensore era fuori uso. Per fortuna, all&#8217;accettazione, sono stato accolto da un gentile impiegato, che, con premura, ha prima avvertito la manutenzione del mancato funzionamento dell\u2019ascensore, e poi informato del mio arrivo lo specialista con cui avevo appuntamento. Peccato, per\u00f2, che il medico, una volta arrivato al piano terra dell\u2019edificio, non mi abbia sottoposto a visita, come speravo, ma mi abbia lasciato l\u00ec, dicendomi che avrei dovuto aspettare poich\u00e9 doveva uscire per andare a far visita domiciliare all&#8217;anziana madre di un suo collega che lo attendeva all&#8217;ingresso. La cosa l\u00ec per l\u00ec non mi ha stupito, poich\u00e9 pu\u00f2 capitare che, tra medici, ci si scambi qualche piccolo favore, ci mancherebbe, tant&#8217;\u00e8 che non mi sono neanche chiesto se l\u2019anziana madre del medico accompagnatore avesse regolare impegnativa e prenotazione, per la visita domiciliare, come ce l\u2019avevo io. Ci\u00f2 che mi ha invece stupito, da quel che ho saputo, \u00e8 che le visite domiciliari si fanno in giorni diversi rispetto a quelle ambulatoriali,\u00a0proprio per non creare disagi all&#8217;utenza. Certo, trovandoci nella regione col sistema sanitario\u00a0pi\u00f9 sgangherato d\u2019Europa, \u00e8 forse normale che gli specialisti si organizzino come meglio credono. Anormale,\u00a0per\u00f2, \u00e8 stato il comportamento del medico,\u00a0quando mi ha invitato ad attenderlo in quel pianoterra fino al suo ritorno. Un atteggiamento da \u201cgrande professionista\u201d, non c\u2019\u00e8 che dire, che mi ha spinto a chiedermi, solo per un attimo, se quel medico avesse pensato a chi, come me, grazie alla sua \u201csensibilit\u00e0\u201d per l\u2019anziana madre del collega, visitata a domicilio, abbia dovuto attenderlo, in carrozzina, per almeno un\u2019ora, nel freddo atrio di quegli uffici. Sono cose che capitano e che non m\u2019impediranno di trascorrere serenamente quel che resta delle festivit\u00e0 natalizie. Intanto, nel ringraziarla per l\u2019attenzione che spero almeno la sua testata vorr\u00e0 concedermi, le auguro buon anno.<\/span><\/p>\n<p><span style=\"font-family: 'times new roman', times, serif; font-size: 12pt;\">P.S. Mi chiedevo, tra le altre cose, se le pare normale che negli uffici che garantiscono la salute pubblica, non vi sia all&#8217;ingresso neanche un disinfettante per le mani e che il bagno, ubicato al piano terra dell\u2019edificio, sia sprovvisto di sapone e carta igienica. Non le sembra, caro direttore, un paradosso che gli uffici addetti al controllo e all&#8217;applicazione delle norme anti-Covid siano i primi a violarle? E\u2019 come dire: il calzolaio va in giro con le scarpe rotte. Grazie.<\/span><\/p>\n","protected":false},"excerpt":{"rendered":"<p>{module Firma_redazione}Caro direttore, sono un suo affezionato lettore e le scrivo perch\u00e9 profondamente indignato per\u00a0ci\u00f2 che mi \u00e8 capitato al distretto sanitario di Corigliano. Le racconto i fatti. Nonostante sia costretto, da alcuni anni, a muovermi su di una sedia a rotelle, pochi giorni fa sono andato, dopo prenotazione, negli ambulatori del distretto per sottopormi [&hellip;]<\/p>\n","protected":false},"author":1,"featured_media":234,"comment_status":"open","ping_status":"open","sticky":false,"template":"","format":"standard","meta":{"footnotes":"","jetpack_publicize_message":"","jetpack_publicize_feature_enabled":true,"jetpack_social_post_already_shared":false,"jetpack_social_options":{"image_generator_settings":{"template":"highway","default_image_id":0,"font":"","enabled":false},"version":2}},"categories":[3],"tags":[],"class_list":["post-1306","post","type-post","status-publish","format-standard","has-post-thumbnail","hentry","category-editoriali"],"jetpack_publicize_connections":[],"_links":{"self":[{"href":"https:\/\/lostrappoquotidiano.it\/index.php\/wp-json\/wp\/v2\/posts\/1306","targetHints":{"allow":["GET"]}}],"collection":[{"href":"https:\/\/lostrappoquotidiano.it\/index.php\/wp-json\/wp\/v2\/posts"}],"about":[{"href":"https:\/\/lostrappoquotidiano.it\/index.php\/wp-json\/wp\/v2\/types\/post"}],"author":[{"embeddable":true,"href":"https:\/\/lostrappoquotidiano.it\/index.php\/wp-json\/wp\/v2\/users\/1"}],"replies":[{"embeddable":true,"href":"https:\/\/lostrappoquotidiano.it\/index.php\/wp-json\/wp\/v2\/comments?post=1306"}],"version-history":[{"count":0,"href":"https:\/\/lostrappoquotidiano.it\/index.php\/wp-json\/wp\/v2\/posts\/1306\/revisions"}],"wp:featuredmedia":[{"embeddable":true,"href":"https:\/\/lostrappoquotidiano.it\/index.php\/wp-json\/wp\/v2\/media\/234"}],"wp:attachment":[{"href":"https:\/\/lostrappoquotidiano.it\/index.php\/wp-json\/wp\/v2\/media?parent=1306"}],"wp:term":[{"taxonomy":"category","embeddable":true,"href":"https:\/\/lostrappoquotidiano.it\/index.php\/wp-json\/wp\/v2\/categories?post=1306"},{"taxonomy":"post_tag","embeddable":true,"href":"https:\/\/lostrappoquotidiano.it\/index.php\/wp-json\/wp\/v2\/tags?post=1306"}],"curies":[{"name":"wp","href":"https:\/\/api.w.org\/{rel}","templated":true}]}}