{"id":1307,"date":"2021-01-07T09:15:57","date_gmt":"2021-01-07T09:15:57","guid":{"rendered":"https:\/\/lostrappoquotidiano.it\/nuovo\/index.php\/2021\/01\/07\/l-ingiusta-detenzione-di-oliverio-e-adamo-niente-di-che-e-fisiologica-come-direbbe-gratteri\/"},"modified":"2021-01-07T09:15:57","modified_gmt":"2021-01-07T09:15:57","slug":"l-ingiusta-detenzione-di-oliverio-e-adamo-niente-di-che-e-fisiologica-come-direbbe-gratteri","status":"publish","type":"post","link":"https:\/\/lostrappoquotidiano.it\/index.php\/2021\/01\/07\/l-ingiusta-detenzione-di-oliverio-e-adamo-niente-di-che-e-fisiologica-come-direbbe-gratteri\/","title":{"rendered":"L\u2019ingiusta detenzione di Oliverio e Adamo? Niente di che, \u00e8 fisiologica come direbbe Gratteri"},"content":{"rendered":"<p><img loading=\"lazy\" decoding=\"async\" class=\" size-full wp-image-962\" style=\"display: block; margin-left: auto; margin-right: auto;\" src=\"https:\/\/lostrappoquotidiano.it\/nuovo\/wp-content\/uploads\/2019\/12\/oliverio.jpg\" alt=\"\" width=\"642\" height=\"301\" srcset=\"https:\/\/lostrappoquotidiano.it\/wp-content\/uploads\/2019\/12\/oliverio.jpg 1280w, https:\/\/lostrappoquotidiano.it\/wp-content\/uploads\/2019\/12\/oliverio-300x141.jpg 300w, https:\/\/lostrappoquotidiano.it\/wp-content\/uploads\/2019\/12\/oliverio-1024x480.jpg 1024w, https:\/\/lostrappoquotidiano.it\/wp-content\/uploads\/2019\/12\/oliverio-768x360.jpg 768w\" sizes=\"auto, (max-width: 642px) 100vw, 642px\" \/><\/p>\n<p><span style=\"font-family: 'times new roman', times, serif; font-size: 12pt;\">{module Firma_redazione}Qualche tempo fa durante una trasmissione di Giovanni Floris, Nicola Gratteri, osannato procuratore dell\u2019antimafia calabrese, alla domanda di Alessandro Sallusti, direttore del Il Giornale, sul problema dell\u2019elevato numero di arresti di innocenti, rispose che quello delle ingiuste detenzioni non sarebbe un problema perch\u00e9 \u201cfisiologico\u201d. Per noi garantisti, invece, l\u2019ingiusta detenzione \u00e8 un grave problema, soprattutto quando diventa patologica, come nel caso della Catanzaro di Gratteri. Cos\u00ec come \u00e8 altrettanto grave che il procuratore possa ignorare questo problema o esserne indifferente. Eppure la questione non \u00e8 nuova, poich\u00e9 fu posta, durante l\u2019inaugurazione dell\u2019anno giudiziario del 2018 (se non andiamo errati), da un intervento puntuale (e irrituale) dell\u2019ex procuratore generale di Catanzaro Otello Lupacchini. Il quale disse che era \u201cun dato particolarmente allarmante quello degli innocenti finiti senza colpa in custodia cautelare e dei soldi spesi dallo stato in risarcimenti per ingiusta detenzione\u201d. Una denuncia circostanziata quella di Lupacchini, il quale, anticipando le parole di Gratteri, disse: \u201cQuest\u2019emergenza sembra quasi non interessare gli addetti ai lavori, quasi che le persone che finiscono in carcere ingiustamente ogni anno costituiscano un \u2018dato fisiologico\u2019, una sorta di \u2018effetto collaterale\u2019 inevitabile, di fronte alla mole di processi penali che si celebrano. Con buona pace del danno inestimabile e impossibile da risarcire alle persone interessate, delle vite private e professionali distrutte, delle conseguenze psicologiche gravissime\u201d. E la misura dell\u2019imponenza del fenomeno nel capoluogo calabrese stava nei dati. \u201cIl distretto con il maggior numero di casi indennizzati \u00e8 quello della Corte di Appello di Catanzaro \u2013 aggiunse Lupacchini \u2013 che per il sesto anno consecutivo si \u00e8 confermata nei primi tre posti, con 158 persone che nel 2017 hanno subito un\u2019ingiusta detenzione. Seguono i distretti di Roma con 137, e di Napoli con 113\u201d, che per\u00f2 sono distretti molto pi\u00f9 grandi\u201d. E a conferma di quanto riferiva il procuratore generale di Catanzaro c\u2019erano i dati del ministero della Giustizia, contenuti nella \u201cRelazione dei provvedimenti di riconoscimento del diritto alla riparazione per ingiusta detenzione\u201d, i quali certificavano che nel triennio 2016-2018 le domande di riparazione accolte furono 349, su un totale nazionale di 2.064: vuol dire che pi\u00f9 di un\u2019ingiusta detenzione su 6 avveniva a Catanzaro. Se poi si teneva conto dei pagamenti, il dato diventava scioccante. Nel 2018, infatti, su 33,3 milioni di euro di indennizzi versati dallo stato per ingiusta detenzione, 10,3 milioni di euro riguardavano il distretto di Catanzaro: circa un terzo del totale, circa 3 volte Roma (3,5 mln), oltre 4 volte Napoli (2,4 mln), quasi 6 volte Palermo (1,8 mln), oltre 17 volte Milano (0,6 mln). Ma c\u2019era anche un altro dato anomalo: in generale, per tutte le Corti di Appello \u2013 grandi o piccole, con sedi di direzione distrettuale antimafia o meno \u2013 il numero di richieste di risarcimento per ingiusta detenzione respinte \u00e8 superiore a quelle accettate. C\u2019\u00e8 una sola eccezione: Catanzaro \u201cil cui dato \u2013 si leggeva nella relazione predisposta dal ministro Bonafede \u2013 \u00e8 in netta controtendenza con il dato generale. L\u00ec si registra un numero di provvedimenti di accoglimento delle domande di riparazione di gran lunga superiore a quello dei provvedimenti di rigetto\u201d. Ma per il procuratore di Catanzaro, Gratteri, era (ed \u00e8) tutto fisiologico. Nel frattempo, per tornare all\u2019attualit\u00e0, Mario Oliverio e Nicola Adamo, accusati, proprio dal super procuratore di Catanzaro, di corruzione e abuso d\u2019ufficio, nell\u2019ambito dell\u2019inchiesta \u201cLande desolate\u201d, sono stati assolti \u201cperch\u00e9 il fatto non sussiste\u201d. Tutto fisiologico, come direbbe l\u2019intoccabile Gratteri. Poi fa niente se Lupacchini sia stato trasferito ad altra sede, proprio per le critiche al conferenziere-scrittore-procuratore, o se a Oliverio e Adamo siano state rovinate le vite personali e politiche. Sono solo dettagli per chi si crede l\u2019erede di Giovanni Falcone.<\/span><\/p>\n<p>\u00a0<\/p>\n","protected":false},"excerpt":{"rendered":"<p>{module Firma_redazione}Qualche tempo fa durante una trasmissione di Giovanni Floris, Nicola Gratteri, osannato procuratore dell\u2019antimafia calabrese, alla domanda di Alessandro Sallusti, direttore del Il Giornale, sul problema dell\u2019elevato numero di arresti di innocenti, rispose che quello delle ingiuste detenzioni non sarebbe un problema perch\u00e9 \u201cfisiologico\u201d. Per noi garantisti, invece, l\u2019ingiusta detenzione \u00e8 un grave problema, [&hellip;]<\/p>\n","protected":false},"author":1,"featured_media":962,"comment_status":"open","ping_status":"open","sticky":false,"template":"","format":"standard","meta":{"footnotes":"","jetpack_publicize_message":"","jetpack_publicize_feature_enabled":true,"jetpack_social_post_already_shared":false,"jetpack_social_options":{"image_generator_settings":{"template":"highway","default_image_id":0,"font":"","enabled":false},"version":2}},"categories":[3],"tags":[],"class_list":["post-1307","post","type-post","status-publish","format-standard","has-post-thumbnail","hentry","category-editoriali"],"jetpack_publicize_connections":[],"_links":{"self":[{"href":"https:\/\/lostrappoquotidiano.it\/index.php\/wp-json\/wp\/v2\/posts\/1307","targetHints":{"allow":["GET"]}}],"collection":[{"href":"https:\/\/lostrappoquotidiano.it\/index.php\/wp-json\/wp\/v2\/posts"}],"about":[{"href":"https:\/\/lostrappoquotidiano.it\/index.php\/wp-json\/wp\/v2\/types\/post"}],"author":[{"embeddable":true,"href":"https:\/\/lostrappoquotidiano.it\/index.php\/wp-json\/wp\/v2\/users\/1"}],"replies":[{"embeddable":true,"href":"https:\/\/lostrappoquotidiano.it\/index.php\/wp-json\/wp\/v2\/comments?post=1307"}],"version-history":[{"count":0,"href":"https:\/\/lostrappoquotidiano.it\/index.php\/wp-json\/wp\/v2\/posts\/1307\/revisions"}],"wp:featuredmedia":[{"embeddable":true,"href":"https:\/\/lostrappoquotidiano.it\/index.php\/wp-json\/wp\/v2\/media\/962"}],"wp:attachment":[{"href":"https:\/\/lostrappoquotidiano.it\/index.php\/wp-json\/wp\/v2\/media?parent=1307"}],"wp:term":[{"taxonomy":"category","embeddable":true,"href":"https:\/\/lostrappoquotidiano.it\/index.php\/wp-json\/wp\/v2\/categories?post=1307"},{"taxonomy":"post_tag","embeddable":true,"href":"https:\/\/lostrappoquotidiano.it\/index.php\/wp-json\/wp\/v2\/tags?post=1307"}],"curies":[{"name":"wp","href":"https:\/\/api.w.org\/{rel}","templated":true}]}}