{"id":1314,"date":"2021-01-21T14:31:11","date_gmt":"2021-01-21T14:31:11","guid":{"rendered":"https:\/\/lostrappoquotidiano.it\/nuovo\/index.php\/2021\/01\/21\/si-muove-la-procura-antimafia-calabresi-avvisati-mezzi-salvati\/"},"modified":"2021-01-21T14:31:11","modified_gmt":"2021-01-21T14:31:11","slug":"si-muove-la-procura-antimafia-calabresi-avvisati-mezzi-salvati","status":"publish","type":"post","link":"https:\/\/lostrappoquotidiano.it\/index.php\/2021\/01\/21\/si-muove-la-procura-antimafia-calabresi-avvisati-mezzi-salvati\/","title":{"rendered":"Si muove la procura antimafia: calabresi avvisati mezzi salvati"},"content":{"rendered":"<p><img loading=\"lazy\" decoding=\"async\" class=\" size-full wp-image-1313\" style=\"display: block; margin-left: auto; margin-right: auto;\" src=\"https:\/\/lostrappoquotidiano.it\/nuovo\/wp-content\/uploads\/2021\/01\/cesa.jpg\" alt=\"\" width=\"511\" height=\"340\" srcset=\"https:\/\/lostrappoquotidiano.it\/wp-content\/uploads\/2021\/01\/cesa.jpg 1154w, https:\/\/lostrappoquotidiano.it\/wp-content\/uploads\/2021\/01\/cesa-300x200.jpg 300w, https:\/\/lostrappoquotidiano.it\/wp-content\/uploads\/2021\/01\/cesa-1024x681.jpg 1024w, https:\/\/lostrappoquotidiano.it\/wp-content\/uploads\/2021\/01\/cesa-768x511.jpg 768w\" sizes=\"auto, (max-width: 511px) 100vw, 511px\" \/><\/p>\n<p><span style=\"font-family: 'times new roman', times, serif; font-size: 12pt;\">{module Firma_Anton Giulio Madeo}Guardate voi se mi tocca difendere Nicola Morra, il detestabile presidente della commissione antimafia. Il quale non gode di certo della mia stima, soprattutto dopo le brutte parole pronunciate nei confronti della compianta Jole Santelli. Ma soprattutto mi tocca difendere quelli che in politica hanno un minimo di coerenza. Voglio dire: l\u2019orribile Morra, nello spazio comico che gli forniscono spesso i giornali, commentando l\u2019inchiesta della procura antimafia di Catanzaro, quella guidata da Gratteri, che ha portato all\u2019arresto dell\u2019assessore al bilancio della regione Calabria Francesco Talarico e alla perquisizione della casa del segretario dell\u2019UDC Lorenzo Cesa, ha detto: <em>\u201cun plauso sincero a questo immane sforzo investigativo che la Commissione Antimafia ha potuto seguire grazie al lavoro del suo ufficiale di collegamento Dia colonnello Luigi Grasso. Ancora una volta l\u2019azione concreta contro le mafie riporta la ricchezza nelle mani dei cittadini\u201d<\/em>.\u00a0<em>\u201cNel corso delle recenti operazioni antimafia in Italia, e parlo di poche settimane\u201d<\/em>\u00a0ha poi aggiunto il grillino, <em>\u201ccentinaia di milioni di euro sono tornati nelle casse dello Stato. Questo \u00e8 anche un reale Recovery fund che deve essere sempre attivo. Questi arresti dimostrano che lo Stato non solo \u00e8 presente ma \u00e8 anche pi\u00f9 forte e tenace\u201d<\/em>. La coerenza, per chi non fosse esperto di politica, sta\u00a0tutta dalla parte di\u00a0Morra, il quale, con le sue dichiarazioni, ha ben rappresentato le idee della forza politica cui appartiene, che \u00e8 da sempre la pi\u00f9 giustizialista e forcaiola che ci sia in circolazione. La quale, in sintonia col suo mentore Piercamillo Davigo, sostiene che \u201cnon esistono innocenti, ma solo colpevoli non ancora scoperti\u201d, figuriamoci persone non ancora condannate ma solo sfiorate dal sospetto di un\u2019indagine che dovr\u00e0 passare attraverso le forche caudine della legge e dei giudici. Invece ci \u00e8 sembrata drammatica e incoerente la posizione del deputato\u00a0Gianluca Cantalamessa, capogruppo della Lega in commissione antimafia, che ha rivolto un\u00a0<em>\u201cplauso\u201d<\/em> a prescindere <em>\u201calla Dia per la maxi-operazione contro la \u2018ndrangheta e alle donne e agli uomini delle forze dell\u2019ordine che hanno permesso di infliggere un colpo durissimo alla criminalit\u00e0 organizzata. Politica e istituzioni avanti tutta contro le mafie\u201d<\/em>. E\u2019 una dichiarazione folle, che ci lascia allibiti, perch\u00e9 pronunciata prima di una sentenza di condanna e soprattutto da un esponente di quel centrodestra liberale che ha fatto del garantismo e delle esagerazioni inquisitorie e liberticide di certe procure, a cominciare da quella di Catanzaro, che in Italia manda pi\u00f9 innocenti dietro le sbarre, un proprio marchio di fabbrica. Ed \u00e8 proprio questo il punto, cari miei lettori amanti della libert\u00e0. Questa non \u00e8 giustizia. Questa \u00e8 una barbarie inaccettabile, che fa enormi danni, perch\u00e9 fa sembrare che sulle garanzie costituzionali, a cominciare dalla presunzione d\u2019innocenza fino a condanna definitiva, tutti i politici stiano dalla parte della forca, in quello che sembra un osceno ritorno all&#8217;ignobile stagione di mani pulite che distrusse l\u2019economia e il sistema politico italiani. Sono parole, quelle del leghista, che offendono le persone libere, che dovrebbero lottare per una giustizia giusta e non per un suo simulacro, che tra l\u2019altro mina lo stato di diritto. Pensate, ora, cosa si scatener\u00e0 nell&#8217;imminenza delle elezioni regionali. Su quanto siano mafiosi questi del centrodestra e su quanto sia necessaria la presenza di candidati che in nome della \u201clegalit\u00e0\u201d, e magari dell&#8217;illibatezza di certe procure, facciano pulizia. Pensiamo che sar\u00e0 proprio la continua accusa di contiguit\u00e0 con la mafia la pi\u00f9 grande umiliazione che il circo mediatico-giudiziario preparer\u00e0 per tenere sotto pressione le donne e gli uomini calabresi fingendo di liberarli dal giogo della criminalit\u00e0. E questa sarebbe politica? Certamente no.\u00a0Ecco perch\u00e9 sin da ora diciamo ai calabresi, a meno che non vogliano essere considerati degli esseri inferiori, magari in via d\u2019estinzione, che le libert\u00e0 personali saranno il nuovo confine della politica in vista delle prossime elezioni regionali. Su questo dovranno impegnarsi. Altro che manette.<\/span><\/p>\n<p>\u00a0<\/p>\n","protected":false},"excerpt":{"rendered":"<p>{module Firma_Anton Giulio Madeo}Guardate voi se mi tocca difendere Nicola Morra, il detestabile presidente della commissione antimafia. Il quale non gode di certo della mia stima, soprattutto dopo le brutte parole pronunciate nei confronti della compianta Jole Santelli. Ma soprattutto mi tocca difendere quelli che in politica hanno un minimo di coerenza. Voglio dire: l\u2019orribile [&hellip;]<\/p>\n","protected":false},"author":1,"featured_media":1313,"comment_status":"open","ping_status":"open","sticky":false,"template":"","format":"standard","meta":{"footnotes":"","jetpack_publicize_message":"","jetpack_publicize_feature_enabled":true,"jetpack_social_post_already_shared":false,"jetpack_social_options":{"image_generator_settings":{"template":"highway","default_image_id":0,"font":"","enabled":false},"version":2}},"categories":[3],"tags":[],"class_list":["post-1314","post","type-post","status-publish","format-standard","has-post-thumbnail","hentry","category-editoriali"],"jetpack_publicize_connections":[],"_links":{"self":[{"href":"https:\/\/lostrappoquotidiano.it\/index.php\/wp-json\/wp\/v2\/posts\/1314","targetHints":{"allow":["GET"]}}],"collection":[{"href":"https:\/\/lostrappoquotidiano.it\/index.php\/wp-json\/wp\/v2\/posts"}],"about":[{"href":"https:\/\/lostrappoquotidiano.it\/index.php\/wp-json\/wp\/v2\/types\/post"}],"author":[{"embeddable":true,"href":"https:\/\/lostrappoquotidiano.it\/index.php\/wp-json\/wp\/v2\/users\/1"}],"replies":[{"embeddable":true,"href":"https:\/\/lostrappoquotidiano.it\/index.php\/wp-json\/wp\/v2\/comments?post=1314"}],"version-history":[{"count":0,"href":"https:\/\/lostrappoquotidiano.it\/index.php\/wp-json\/wp\/v2\/posts\/1314\/revisions"}],"wp:featuredmedia":[{"embeddable":true,"href":"https:\/\/lostrappoquotidiano.it\/index.php\/wp-json\/wp\/v2\/media\/1313"}],"wp:attachment":[{"href":"https:\/\/lostrappoquotidiano.it\/index.php\/wp-json\/wp\/v2\/media?parent=1314"}],"wp:term":[{"taxonomy":"category","embeddable":true,"href":"https:\/\/lostrappoquotidiano.it\/index.php\/wp-json\/wp\/v2\/categories?post=1314"},{"taxonomy":"post_tag","embeddable":true,"href":"https:\/\/lostrappoquotidiano.it\/index.php\/wp-json\/wp\/v2\/tags?post=1314"}],"curies":[{"name":"wp","href":"https:\/\/api.w.org\/{rel}","templated":true}]}}