{"id":1315,"date":"2021-01-23T09:35:39","date_gmt":"2021-01-23T09:35:39","guid":{"rendered":"https:\/\/lostrappoquotidiano.it\/nuovo\/index.php\/2021\/01\/23\/piazza-salotto-e-il-distributore-dei-miracoli\/"},"modified":"2021-01-23T09:35:39","modified_gmt":"2021-01-23T09:35:39","slug":"piazza-salotto-e-il-distributore-dei-miracoli","status":"publish","type":"post","link":"https:\/\/lostrappoquotidiano.it\/index.php\/2021\/01\/23\/piazza-salotto-e-il-distributore-dei-miracoli\/","title":{"rendered":"Piazza Salotto e il distributore dei miracoli"},"content":{"rendered":"<p style=\"text-align: center;\"><img loading=\"lazy\" decoding=\"async\" class=\" size-full wp-image-1292\" src=\"https:\/\/lostrappoquotidiano.it\/nuovo\/wp-content\/uploads\/2020\/12\/piazzasalotto1.jpg\" alt=\"\" width=\"678\" height=\"330\" srcset=\"https:\/\/lostrappoquotidiano.it\/wp-content\/uploads\/2020\/12\/piazzasalotto1.jpg 678w, https:\/\/lostrappoquotidiano.it\/wp-content\/uploads\/2020\/12\/piazzasalotto1-300x146.jpg 300w\" sizes=\"auto, (max-width: 678px) 100vw, 678px\" \/><\/p>\n<p><span style=\"font-family: 'times new roman', times, serif; font-size: 12pt;\">{module Firma_ La Signorina Z}Caro Direttore, oggi vorrei spendere qualche parola a favore dell\u2019imprenditore che ha avuto l\u2019idea di collocare dei distributori di cibo e bevande all&#8217;interno della principale piazza di Corigliano, Piazza Papa Giovanni Paolo II (Piazza Salotto, per gli amici). L\u2019imprenditore in questione, oltre ad essere un vero genio degli affari, per aver calcolato il momento esatto in cui avviare un\u2019attivit\u00e0 del genere, con la quale avere spese minime e guadagni ottimali, sembrerebbe essere anche una persona altruista e premurosa. Infatti, dobbiamo ammettere che si tratti senza dubbio di una persona affezionata ai giovani di questo paese e preoccupata per la loro salute fisica e mentale. Caro Direttore, lei \u00e8 mai stato in Piazza Salotto dopo le 18:00, da quando sono state applicate le misure restrittive? A me \u00e8 capitato qualche volta, e dico \u201cqualche\u201d perch\u00e9, dopo aver sperimentato la fame e la sete, ho deciso di evitarlo. Deve sapere che i nostri giovani, allo scattare del coprifuoco, similmente alla povera Cenerentola delle favole, alle 18:00 venivano lasciati senza la possibilit\u00e0 di bere o mangiare qualcosa (e per bere non intendo alcolici per far festa, ma una semplice bottiglia d\u2019acqua naturale). Di conseguenza, oltre al freddo, i nostri giovani dovevano anche sperimentare fame e sete. Tutto questo fino a quando il nostro salvatore ha deciso di porre fine alle loro sofferenze, utilizzando un paio di magazzini sfitti (che sicuramente sarebbero rimasti tali) per collocarvi diversi distributori, forniti di qualsivoglia prodotto appartenente al food&amp;beverage. In conclusione, ringraziamo questo abile imprenditore, grazie al cui operato i nostri giovani saranno pur sempre depressi e amareggiati per la loro ristretta vita sociale, ma almeno non moriranno di fame e di sete durante le loro passeggiate pomeridiane. Il prossimo passo \u00e8 quello dei bagni pubblici, cos\u00ec i nostri giovani non dovranno pi\u00f9 soffrire di cistiti e infiammazioni, per aver trattenuto per troppo tempo i loro bisogni. Chiss\u00e0 se per una volta sar\u00e0 l\u2019amministrazione a pensarci, o se ancora una volta verranno salvati dal nostro brillante imprenditore.<\/span><\/p>\n<p>\u00a0<\/p>\n","protected":false},"excerpt":{"rendered":"<p>{module Firma_ La Signorina Z}Caro Direttore, oggi vorrei spendere qualche parola a favore dell\u2019imprenditore che ha avuto l\u2019idea di collocare dei distributori di cibo e bevande all&#8217;interno della principale piazza di Corigliano, Piazza Papa Giovanni Paolo II (Piazza Salotto, per gli amici). L\u2019imprenditore in questione, oltre ad essere un vero genio degli affari, per aver [&hellip;]<\/p>\n","protected":false},"author":1,"featured_media":1292,"comment_status":"open","ping_status":"open","sticky":false,"template":"","format":"standard","meta":{"footnotes":"","jetpack_publicize_message":"","jetpack_publicize_feature_enabled":true,"jetpack_social_post_already_shared":false,"jetpack_social_options":{"image_generator_settings":{"template":"highway","default_image_id":0,"font":"","enabled":false},"version":2}},"categories":[3],"tags":[],"class_list":["post-1315","post","type-post","status-publish","format-standard","has-post-thumbnail","hentry","category-editoriali"],"jetpack_publicize_connections":[],"_links":{"self":[{"href":"https:\/\/lostrappoquotidiano.it\/index.php\/wp-json\/wp\/v2\/posts\/1315","targetHints":{"allow":["GET"]}}],"collection":[{"href":"https:\/\/lostrappoquotidiano.it\/index.php\/wp-json\/wp\/v2\/posts"}],"about":[{"href":"https:\/\/lostrappoquotidiano.it\/index.php\/wp-json\/wp\/v2\/types\/post"}],"author":[{"embeddable":true,"href":"https:\/\/lostrappoquotidiano.it\/index.php\/wp-json\/wp\/v2\/users\/1"}],"replies":[{"embeddable":true,"href":"https:\/\/lostrappoquotidiano.it\/index.php\/wp-json\/wp\/v2\/comments?post=1315"}],"version-history":[{"count":0,"href":"https:\/\/lostrappoquotidiano.it\/index.php\/wp-json\/wp\/v2\/posts\/1315\/revisions"}],"wp:featuredmedia":[{"embeddable":true,"href":"https:\/\/lostrappoquotidiano.it\/index.php\/wp-json\/wp\/v2\/media\/1292"}],"wp:attachment":[{"href":"https:\/\/lostrappoquotidiano.it\/index.php\/wp-json\/wp\/v2\/media?parent=1315"}],"wp:term":[{"taxonomy":"category","embeddable":true,"href":"https:\/\/lostrappoquotidiano.it\/index.php\/wp-json\/wp\/v2\/categories?post=1315"},{"taxonomy":"post_tag","embeddable":true,"href":"https:\/\/lostrappoquotidiano.it\/index.php\/wp-json\/wp\/v2\/tags?post=1315"}],"curies":[{"name":"wp","href":"https:\/\/api.w.org\/{rel}","templated":true}]}}