{"id":1316,"date":"2021-01-25T18:32:01","date_gmt":"2021-01-25T18:32:01","guid":{"rendered":"https:\/\/lostrappoquotidiano.it\/nuovo\/index.php\/2021\/01\/25\/flavio-stasi-senzadubbiamente-uomo-dell-anno\/"},"modified":"2021-01-25T18:32:01","modified_gmt":"2021-01-25T18:32:01","slug":"flavio-stasi-senzadubbiamente-uomo-dell-anno","status":"publish","type":"post","link":"https:\/\/lostrappoquotidiano.it\/index.php\/2021\/01\/25\/flavio-stasi-senzadubbiamente-uomo-dell-anno\/","title":{"rendered":"Flavio Stasi, senzadubbiamente uomo dell&#8217;anno"},"content":{"rendered":"<p><img loading=\"lazy\" decoding=\"async\" class=\" size-full wp-image-879\" style=\"display: block; margin-left: auto; margin-right: auto;\" src=\"https:\/\/lostrappoquotidiano.it\/nuovo\/wp-content\/uploads\/2019\/06\/stasi.jpg\" alt=\"\" width=\"484\" height=\"283\" srcset=\"https:\/\/lostrappoquotidiano.it\/wp-content\/uploads\/2019\/06\/stasi.jpg 752w, https:\/\/lostrappoquotidiano.it\/wp-content\/uploads\/2019\/06\/stasi-300x176.jpg 300w\" sizes=\"auto, (max-width: 484px) 100vw, 484px\" \/><\/p>\n<p><span style=\"font-family: 'times new roman', times, serif; font-size: 12pt;\">{module Firma_redazione}Flavio Stasi, vista l\u2019assenza di avversari, da queste parti \u00e8 \u201csenzadubbiamente\u201d, come direbbe Cetto Laqualunque, l\u2019uomo dell\u2019anno appena trascorso, che \u00e8 stato, anche qui \u201csenzadubbiamente\u201d, un anno di merda. \u00c8 una sintesi che tiene in considerazione vari fattori, ma \u00e8 anche un concetto semplice che gi\u00e0 si sente ripetere sui marciapiedi (anno di merda). Tuttavia \u201cuomo dell\u2019anno\u201d, tornando a Stasi, pare un\u2019espressione impegnativa e che fa a pugni, per essere buoni, con la realt\u00e0 cittadina. Infatti, Stasi \u00e8 parte integrante della melma in cui si \u00e8 impantanata la politica locale ed \u00e8 l\u2019incarnazione autentica di quel \u201cuno vale uno\u201d, d\u2019origine grillina, cui lui si avvicina molto pur non essendo un grillino doc, dove sguazza il popolo imbruttito e incattivito degli ultimi anni, laddove molte persone si credono qualcosa mentre molte altre hanno finalmente capito che \u201cuno vale uno\u201d \u00e8 una vera e propria stronzata, poich\u00e9 produce incapaci. Insomma, \u201cl\u2019uomo dell\u2019anno\u201d \u00e8 qualcosa d\u2019imbarazzante per quelli, come noi, che hanno sempre rifiutato l\u2019idea che in politica, e nelle istituzioni, potesse starci uno come lui (e come i suoi sodali): e invece bisogna ammetterlo, Stasi c\u2019\u00e8, esiste, e fa delle cose che hanno delle conseguenze, purtroppo pesantissime. \u00c8 il sindaco della terza citt\u00e0 della Calabria e l\u2019incredibile \u00e8 che decide come dev\u2019essere la nostra vita, la quale vita \u00e8 di pessima qualit\u00e0 anche per via di un\u2019azione amministrativa scadente e balorda frutto di incapacit\u00e0, improvvisazione e soprattutto decisioni sbagliate o tardive, magari suggerite (o prese) da altri. Perch\u00e9, e proprio qui sta il problema, non dobbiamo dimenticarlo, questi altri sono quelli che decidono o concordano il parto delle decisioni amministrative. Quindi non sono semplici consiglieri, come qualcuno vorrebbe farli passare, sono vere e proprie eminenze grigie della politica locale, che di fatto potrebbero sembrare che comandino sul sindaco e che ne siano i badanti, i tutori, i segretari particolari, comunque delle figure coerenti con il piano, tutto rossanese, della fusione, perch\u00e9 perfettamente rappresentative di questa amministrazione, di questo momento storico. Sono il frutto avvelenato per tutti quegli imbecilli che avevano visto nella fusione il tentativo di creare una grande e moderna citt\u00e0 e che invece ora si ritrovano una maldestra e goffa manovra di annessione della citt\u00e0 di Corigliano. Siamo noi cittadini che forse non ce li meritiamo questi personaggetti, anche se in parte non \u00e8 vero, perch\u00e9 molti coriglianesi hanno votato come hanno votato per la fusione. Per il resto, su Stasi non c\u2019\u00e8 da dilungarsi, poich\u00e9 si farebbe fatica a dire (e a far capire) in poche parole e con sufficiente chiarezza cosa sia o cosa dovrebbe essere il sindaco di una \u201ccitt\u00e0 normale\u201d, perch\u00e9 in una citt\u00e0 normale anche solo uno degli ingloriosi primati che ci siamo guadagnati con la fusione sarebbe motivo di approfondita discussione, se non di clamoroso scandalo. Ne basterebbe uno, ne abbiamo tanti. Siamo, di sicuro, una citt\u00e0 in difficolt\u00e0 su tutto: economia, urbanistica, sicurezza, tenuta sociale, uffici, servizi, cultura, scuole e i dati di ciascuno di questi drammatici ambiti sono noti, inutile esporli per l\u2019ennesima volta. Basta sapere che sono dati oggettivi, da cui dipendono, letteralmente, la vita e la dignitosa sopravvivenza di migliaia di persone. E\u2019 l\u2019evidente deriva politica di questa citt\u00e0. Inutile dire altro. \u00c8 tutto chiaro. Tutto tranne una cosa: con che faccia e con che forza politica Stasi ritiene di poter andare avanti.<\/span><\/p>\n","protected":false},"excerpt":{"rendered":"<p>{module Firma_redazione}Flavio Stasi, vista l\u2019assenza di avversari, da queste parti \u00e8 \u201csenzadubbiamente\u201d, come direbbe Cetto Laqualunque, l\u2019uomo dell\u2019anno appena trascorso, che \u00e8 stato, anche qui \u201csenzadubbiamente\u201d, un anno di merda. \u00c8 una sintesi che tiene in considerazione vari fattori, ma \u00e8 anche un concetto semplice che gi\u00e0 si sente ripetere sui marciapiedi (anno di merda). [&hellip;]<\/p>\n","protected":false},"author":1,"featured_media":879,"comment_status":"open","ping_status":"open","sticky":false,"template":"","format":"standard","meta":{"footnotes":"","jetpack_publicize_message":"","jetpack_publicize_feature_enabled":true,"jetpack_social_post_already_shared":false,"jetpack_social_options":{"image_generator_settings":{"template":"highway","default_image_id":0,"font":"","enabled":false},"version":2}},"categories":[3],"tags":[],"class_list":["post-1316","post","type-post","status-publish","format-standard","has-post-thumbnail","hentry","category-editoriali"],"jetpack_publicize_connections":[],"_links":{"self":[{"href":"https:\/\/lostrappoquotidiano.it\/index.php\/wp-json\/wp\/v2\/posts\/1316","targetHints":{"allow":["GET"]}}],"collection":[{"href":"https:\/\/lostrappoquotidiano.it\/index.php\/wp-json\/wp\/v2\/posts"}],"about":[{"href":"https:\/\/lostrappoquotidiano.it\/index.php\/wp-json\/wp\/v2\/types\/post"}],"author":[{"embeddable":true,"href":"https:\/\/lostrappoquotidiano.it\/index.php\/wp-json\/wp\/v2\/users\/1"}],"replies":[{"embeddable":true,"href":"https:\/\/lostrappoquotidiano.it\/index.php\/wp-json\/wp\/v2\/comments?post=1316"}],"version-history":[{"count":0,"href":"https:\/\/lostrappoquotidiano.it\/index.php\/wp-json\/wp\/v2\/posts\/1316\/revisions"}],"wp:featuredmedia":[{"embeddable":true,"href":"https:\/\/lostrappoquotidiano.it\/index.php\/wp-json\/wp\/v2\/media\/879"}],"wp:attachment":[{"href":"https:\/\/lostrappoquotidiano.it\/index.php\/wp-json\/wp\/v2\/media?parent=1316"}],"wp:term":[{"taxonomy":"category","embeddable":true,"href":"https:\/\/lostrappoquotidiano.it\/index.php\/wp-json\/wp\/v2\/categories?post=1316"},{"taxonomy":"post_tag","embeddable":true,"href":"https:\/\/lostrappoquotidiano.it\/index.php\/wp-json\/wp\/v2\/tags?post=1316"}],"curies":[{"name":"wp","href":"https:\/\/api.w.org\/{rel}","templated":true}]}}