{"id":1326,"date":"2021-02-22T11:13:35","date_gmt":"2021-02-22T11:13:35","guid":{"rendered":"https:\/\/lostrappoquotidiano.it\/nuovo\/index.php\/2021\/02\/22\/il-governo-della-citta-i-politici-arroganti-e-gli-arroganti-cretini\/"},"modified":"2021-02-22T11:13:35","modified_gmt":"2021-02-22T11:13:35","slug":"il-governo-della-citta-i-politici-arroganti-e-gli-arroganti-cretini","status":"publish","type":"post","link":"https:\/\/lostrappoquotidiano.it\/index.php\/2021\/02\/22\/il-governo-della-citta-i-politici-arroganti-e-gli-arroganti-cretini\/","title":{"rendered":"Il governo della citt\u00e0, i politici arroganti e gli arroganti cretini"},"content":{"rendered":"<p style=\"text-align: center;\"><img loading=\"lazy\" decoding=\"async\" class=\" size-full wp-image-274\" src=\"https:\/\/lostrappoquotidiano.it\/nuovo\/wp-content\/uploads\/2017\/06\/castel.jpg\" alt=\"\" width=\"659\" height=\"439\" srcset=\"https:\/\/lostrappoquotidiano.it\/wp-content\/uploads\/2017\/06\/castel.jpg 659w, https:\/\/lostrappoquotidiano.it\/wp-content\/uploads\/2017\/06\/castel-300x200.jpg 300w\" sizes=\"auto, (max-width: 659px) 100vw, 659px\" \/><\/p>\n<p><span style=\"font-family: 'times new roman', times, serif; font-size: 12pt;\">{module Firma_Anton Giulio Madeo}Mi \u00e8 capitato, in questi giorni, di commentare la decisione del sindaco di Coriglione di revocare l\u2019appalto della pubblica illuminazione. L\u2019ho fatto alcune ore dopo che il Consiglio di stato ha posto fine a questa sciagurata vicenda, rigettando il ricorso che il comune aveva presentato per legittimare tale decisione gi\u00e0 bocciata dal TAR. Per tempo ho segnalato la circostanza, con parole dure, rammentando ai coriglionesi che pur avendo a che fare con un sindaco e un\u2019amministrazione cos\u00ec evidentemente incapaci, dovranno rassegnarsi e conviverci ancora per tre lunghi anni. Fatta questa premessa e pur non essendo un osservatore esemplare, mi sono reso conto che il caso Spezzano ha un aspetto clamorosamente politico, poich\u00e9 ha fatto venir fuori l\u2019inaccettabile prevalenza, in politica, appunto, non solo del politico arrogante ma dell\u2019arrogante cretino. Perch\u00e9 passi se subito dopo queste mie esternazioni molta gente, evidentemente tifosa, si sia mobilitata, anche sui social, per criticare il mio parere e quello della stampa libera, per dire che questa amministrazione sta facendo bene, che siamo ingenerosi, che dalla fusione non si scappa, che viviamo nel migliore dei mondi possibili. Ma non pu\u00f2 passare, invece, che per la stessa bisogna rappresentanti istituzionali abbiano deciso di inviare maledizioni e apocalissi a quanti si sono permessi di mettere in discussione il verbo del sindaco, piuttosto che chiedere umilmente scusa per l\u2019accaduto. E\u2019 la dimostrazione che in politica ormai pi\u00f9 che politici arroganti prevalgano arroganti cretini. Perch\u00e9 se la giustizia amministrativa ti dice, definitivamente, che la revoca dell\u2019appalto Spezzano \u00e8 illegittimo e tu insisti, con arroganza, nel crederti infallibile e sul fatto che Spezzano fornisca un cattivo servizio, anzi cattivissimo, e per questo va fatto fuori e basta con tutti i mezzi, vuol dire che tu sei fuori di testa e non capisci la differenza tra l\u2019arbitrio e la legalit\u00e0. Perch\u00e9 se qualcuno ti accusa di fare danni, magari dimostrandolo, e tu fai partire dichiarazioni di fuoco sulla stampa, bombardamenti sui social del tipo \u201cio so\u2019 io e voi non siete un cazzo\u201d, vuol dire che non stai bene. A me, sinceramente, il cretino piace, forse perch\u00e9 influenzato dal \u201cvieni avanti cretino\u201d di Walter Chiari e Carlo Campanini. L\u2019ho sempre trovato meno banale di tanti altri: l\u2019arrogante, il superbo, l\u2019ipocrita, per esempio. Il cretino sa anche essere simpatico e buono, spesso non d\u00e0 troppo fastidio, come lo scemo del paese. Ma il cretino arrogante no. Il cretino arrogante \u00e8 insopportabile, perch\u00e9 \u00e8 uno che non capisce, che non capisce perch\u00e9 \u00e8 superbo, che tormenta gli altri perch\u00e9 \u00e8 un ipocrita e ignora per passione demenziale che l\u2019azione umana spesso procede per tentativi e errori, per di pi\u00f9 quando ci si muove su un terreno ignoto e difficile come la politica. L\u2019arroganza poi \u00e8 fastidiosa perch\u00e9 presuppone una idea avvilente e onnipotente della cosa pubblica.\u00a0L\u2019arrogante, infatti, \u00e8 parente dell\u2019arrabbiato, personaggio chiave per capire il populismo e l\u2019antipolitica dilaganti, il quale procede per slancio moralistico, per insipienza demagogica o astuzia da quattro soldi, quello, l\u2019arrogante, ha sempre la lezioncina pronta, ama declamarla a alta voce, come e pi\u00f9 dell\u2019arrabbiato d\u00e0 fastidio a chi \u00e8 realista ma non rassegnato, comprensivo senza disposizione a subire oltre un certo limite, insomma a noi persone normali, un po\u2019 cretine un po\u2019 no, ma non arroganti. Povera Coriglione.<\/span><\/p>\n","protected":false},"excerpt":{"rendered":"<p>{module Firma_Anton Giulio Madeo}Mi \u00e8 capitato, in questi giorni, di commentare la decisione del sindaco di Coriglione di revocare l\u2019appalto della pubblica illuminazione. L\u2019ho fatto alcune ore dopo che il Consiglio di stato ha posto fine a questa sciagurata vicenda, rigettando il ricorso che il comune aveva presentato per legittimare tale decisione gi\u00e0 bocciata dal [&hellip;]<\/p>\n","protected":false},"author":1,"featured_media":274,"comment_status":"open","ping_status":"open","sticky":false,"template":"","format":"standard","meta":{"footnotes":"","jetpack_publicize_message":"","jetpack_publicize_feature_enabled":true,"jetpack_social_post_already_shared":false,"jetpack_social_options":{"image_generator_settings":{"template":"highway","default_image_id":0,"font":"","enabled":false},"version":2}},"categories":[3],"tags":[],"class_list":["post-1326","post","type-post","status-publish","format-standard","has-post-thumbnail","hentry","category-editoriali"],"jetpack_publicize_connections":[],"_links":{"self":[{"href":"https:\/\/lostrappoquotidiano.it\/index.php\/wp-json\/wp\/v2\/posts\/1326","targetHints":{"allow":["GET"]}}],"collection":[{"href":"https:\/\/lostrappoquotidiano.it\/index.php\/wp-json\/wp\/v2\/posts"}],"about":[{"href":"https:\/\/lostrappoquotidiano.it\/index.php\/wp-json\/wp\/v2\/types\/post"}],"author":[{"embeddable":true,"href":"https:\/\/lostrappoquotidiano.it\/index.php\/wp-json\/wp\/v2\/users\/1"}],"replies":[{"embeddable":true,"href":"https:\/\/lostrappoquotidiano.it\/index.php\/wp-json\/wp\/v2\/comments?post=1326"}],"version-history":[{"count":0,"href":"https:\/\/lostrappoquotidiano.it\/index.php\/wp-json\/wp\/v2\/posts\/1326\/revisions"}],"wp:featuredmedia":[{"embeddable":true,"href":"https:\/\/lostrappoquotidiano.it\/index.php\/wp-json\/wp\/v2\/media\/274"}],"wp:attachment":[{"href":"https:\/\/lostrappoquotidiano.it\/index.php\/wp-json\/wp\/v2\/media?parent=1326"}],"wp:term":[{"taxonomy":"category","embeddable":true,"href":"https:\/\/lostrappoquotidiano.it\/index.php\/wp-json\/wp\/v2\/categories?post=1326"},{"taxonomy":"post_tag","embeddable":true,"href":"https:\/\/lostrappoquotidiano.it\/index.php\/wp-json\/wp\/v2\/tags?post=1326"}],"curies":[{"name":"wp","href":"https:\/\/api.w.org\/{rel}","templated":true}]}}