{"id":1332,"date":"2021-03-16T10:09:37","date_gmt":"2021-03-16T10:09:37","guid":{"rendered":"https:\/\/lostrappoquotidiano.it\/nuovo\/index.php\/2021\/03\/16\/recovery-fund-elezioni-regionali-e-la-politica-dello-spreco-e-delle-clientele\/"},"modified":"2021-03-16T10:09:37","modified_gmt":"2021-03-16T10:09:37","slug":"recovery-fund-elezioni-regionali-e-la-politica-dello-spreco-e-delle-clientele","status":"publish","type":"post","link":"https:\/\/lostrappoquotidiano.it\/index.php\/2021\/03\/16\/recovery-fund-elezioni-regionali-e-la-politica-dello-spreco-e-delle-clientele\/","title":{"rendered":"Recovery fund, elezioni regionali e la politica dello spreco e delle clientele"},"content":{"rendered":"<p style=\"text-align: center;\"><img loading=\"lazy\" decoding=\"async\" class=\" size-full wp-image-1002\" src=\"https:\/\/lostrappoquotidiano.it\/nuovo\/wp-content\/uploads\/2020\/01\/elezionicalabria.jpg\" alt=\"\" width=\"640\" height=\"320\" srcset=\"https:\/\/lostrappoquotidiano.it\/wp-content\/uploads\/2020\/01\/elezionicalabria.jpg 640w, https:\/\/lostrappoquotidiano.it\/wp-content\/uploads\/2020\/01\/elezionicalabria-300x150.jpg 300w\" sizes=\"auto, (max-width: 640px) 100vw, 640px\" \/><\/p>\n<p><span style=\"font-family: 'times new roman', times, serif; font-size: 12pt;\">{module Firma_redazione}Pi\u00f9 si avvicinano le elezioni regionali calabresi e pi\u00f9 si surriscaldano gli animi per l\u2019utilizzo dei fondi del Recovery Fund, che alcuni dei candidati alla presidenza, con l\u2019aiuto dei loro sostenitori, temono siano dirottati verso il Centro-Nord. Lo scopriamo tramite l\u2019informazione regionale, su cui, in buona parte, \u00e8 in atto la solita campagna di alcuni politici volta a denunciare l\u2019ennesimo \u201cscippo\u201d che starebbe compiendo il Nord a danno del Mezzogiorno. Purtroppo chi pensa e dice cose del genere prima di esprimersi dovrebbe avere il buon senso di leggere i nuovi dati Istat sulla ricchezza nelle diverse aree d\u2019Italia, in cui il Nord-Ovest si riconferma l\u2019area pi\u00f9 prospera, con un reddito medio doppio rispetto a quello del Sud. Sono dati su cui si possono fare molte considerazioni, ma la prima \u00e8 che va preso atto del fallimento delle politiche basate su aiuti e assistenzialismo. In un rapporto intitolato \u201cConti economici territoriali anni 2017-19\u201d, l\u2019istituto nazionale di statistica sottolinea come in Lombardia il reddito pro capite sia di 39.700 euro, mentre la media del Sud \u00e8 di 19.000. In sostanza, il reddito medio di un lombardo \u00e8 doppio di quello di un concittadino meridionale e questo a dispetto del fatto che ogni anno pi\u00f9 di 50 miliardi di euro lasciano la Lombardia per alimentare il resto del paese. Eppure mai era successo, in passato, che il reddito medio di un meridionale fosse la met\u00e0 di uno del Nord, un po\u2019 a certificare quanto sia stato irresponsabile alimentare un costante trasferimento di risorse, che alla fine ha nutrito soprattutto le clientele e ha ingrossato la schiera dei dipendenti pubblici. Ecco perch\u00e9, di fronte a questo evidente fallimento, chi vuole un Sud diverso deve allora pretendere che il Mezzogiorno abbia pi\u00f9 libert\u00e0 di iniziativa e meno aiuti, pi\u00f9 spazi imprenditoriali e meno sovvenzioni di Stato, pi\u00f9 responsabilit\u00e0 e meno paternalismo d\u2019accatto. Pure al Nord devono comprendere che lo sviluppo dell\u2019economia meridionale \u00e8 cruciale per l\u2019intero paese e che l\u2019unica maniera per dare un futuro a un\u2019area segnata da disoccupazione, emigrazione intellettuale e mercato nero consiste nel porre fine a questa distorsione della vita economica causata da uno statalismo perfino pi\u00f9 pervasivo di quello che sta martoriando il resto d\u2019Italia. A ben guardare l\u2019Italia tutta ha bisogno di essere persuasa, magari da quanti detengono larga parte del nostro debito pubblico (dalla Bce alla Germania), a compiere le uniche riforme necessarie: quelle tali da obbligare ogni area a gestirsi, tassarsi e regolarsi da s\u00e9. C\u2019\u00e8 insomma la necessit\u00e0 che le economie pi\u00f9 frugali costringano la nostra classe politica a pensare al Mezzogiorno come a un\u2019area politica che non ha bisogno di altri soldi pubblici, come non ne ha bisogno il Nord. Ogni territorio, infatti, ha soprattutto bisogno di governarsi da s\u00e9, fare i conti delle entrate e delle uscite, adottare le misure adeguate alle proprie esigenze. E se non saremo capaci di compiere da soli queste scelte, speriamo che altri ci inducano a farlo, magari negandoci i soldi di quel Recovery Fund che la politica dello spreco e delle clientele aspetta con ansia, soprattutto al Sud.<\/span><\/p>\n","protected":false},"excerpt":{"rendered":"<p>{module Firma_redazione}Pi\u00f9 si avvicinano le elezioni regionali calabresi e pi\u00f9 si surriscaldano gli animi per l\u2019utilizzo dei fondi del Recovery Fund, che alcuni dei candidati alla presidenza, con l\u2019aiuto dei loro sostenitori, temono siano dirottati verso il Centro-Nord. Lo scopriamo tramite l\u2019informazione regionale, su cui, in buona parte, \u00e8 in atto la solita campagna di [&hellip;]<\/p>\n","protected":false},"author":1,"featured_media":1002,"comment_status":"open","ping_status":"open","sticky":false,"template":"","format":"standard","meta":{"footnotes":"","jetpack_publicize_message":"","jetpack_publicize_feature_enabled":true,"jetpack_social_post_already_shared":false,"jetpack_social_options":{"image_generator_settings":{"template":"highway","default_image_id":0,"font":"","enabled":false},"version":2}},"categories":[3],"tags":[],"class_list":["post-1332","post","type-post","status-publish","format-standard","has-post-thumbnail","hentry","category-editoriali"],"jetpack_publicize_connections":[],"_links":{"self":[{"href":"https:\/\/lostrappoquotidiano.it\/index.php\/wp-json\/wp\/v2\/posts\/1332","targetHints":{"allow":["GET"]}}],"collection":[{"href":"https:\/\/lostrappoquotidiano.it\/index.php\/wp-json\/wp\/v2\/posts"}],"about":[{"href":"https:\/\/lostrappoquotidiano.it\/index.php\/wp-json\/wp\/v2\/types\/post"}],"author":[{"embeddable":true,"href":"https:\/\/lostrappoquotidiano.it\/index.php\/wp-json\/wp\/v2\/users\/1"}],"replies":[{"embeddable":true,"href":"https:\/\/lostrappoquotidiano.it\/index.php\/wp-json\/wp\/v2\/comments?post=1332"}],"version-history":[{"count":0,"href":"https:\/\/lostrappoquotidiano.it\/index.php\/wp-json\/wp\/v2\/posts\/1332\/revisions"}],"wp:featuredmedia":[{"embeddable":true,"href":"https:\/\/lostrappoquotidiano.it\/index.php\/wp-json\/wp\/v2\/media\/1002"}],"wp:attachment":[{"href":"https:\/\/lostrappoquotidiano.it\/index.php\/wp-json\/wp\/v2\/media?parent=1332"}],"wp:term":[{"taxonomy":"category","embeddable":true,"href":"https:\/\/lostrappoquotidiano.it\/index.php\/wp-json\/wp\/v2\/categories?post=1332"},{"taxonomy":"post_tag","embeddable":true,"href":"https:\/\/lostrappoquotidiano.it\/index.php\/wp-json\/wp\/v2\/tags?post=1332"}],"curies":[{"name":"wp","href":"https:\/\/api.w.org\/{rel}","templated":true}]}}