{"id":1334,"date":"2021-03-27T15:08:13","date_gmt":"2021-03-27T15:08:13","guid":{"rendered":"https:\/\/lostrappoquotidiano.it\/nuovo\/index.php\/2021\/03\/27\/e-se-usassimo-le-ordinanze-anti-covid-di-stasi-come-carta-igienica\/"},"modified":"2021-03-27T15:08:13","modified_gmt":"2021-03-27T15:08:13","slug":"e-se-usassimo-le-ordinanze-anti-covid-di-stasi-come-carta-igienica","status":"publish","type":"post","link":"https:\/\/lostrappoquotidiano.it\/index.php\/2021\/03\/27\/e-se-usassimo-le-ordinanze-anti-covid-di-stasi-come-carta-igienica\/","title":{"rendered":"E se usassimo le ordinanze anti Covid di Stasi come carta igienica?"},"content":{"rendered":"<p><img loading=\"lazy\" decoding=\"async\" class=\" size-full wp-image-1333\" style=\"display: block; margin-left: auto; margin-right: auto;\" src=\"https:\/\/lostrappoquotidiano.it\/nuovo\/wp-content\/uploads\/2021\/03\/carta.jpg\" alt=\"\" width=\"601\" height=\"338\" srcset=\"https:\/\/lostrappoquotidiano.it\/wp-content\/uploads\/2021\/03\/carta.jpg 800w, https:\/\/lostrappoquotidiano.it\/wp-content\/uploads\/2021\/03\/carta-300x169.jpg 300w, https:\/\/lostrappoquotidiano.it\/wp-content\/uploads\/2021\/03\/carta-768x432.jpg 768w\" sizes=\"auto, (max-width: 601px) 100vw, 601px\" \/><\/p>\n<p><span style=\"font-family: 'times new roman', times, serif; font-size: 12pt;\">{module Firma_Anton Giulio Madeo}Spero che in questa citt\u00e0 (ma, in generale, in questo paese) ci sia ancora qualcuno disposto a lottare per le proprie libert\u00e0, di cui siamo irrazionalmente privati, da circa un anno, da provvedimenti liberticidi di governi, regioni e addirittura sindaci idioti. Perch\u00e9 a questo qualcuno, se ancora ci fosse, potremmo suggerire di usare come carta igienica i DPCM del governo, e soprattutto le ordinanze sindacali, che stanno limitando illegittimamente le nostre libert\u00e0 personali. Perch\u00e9 tutto ci\u00f2 che \u00e8 stato emanato finora per rinchiuderci dentro, causa Covid, \u00e8 palesemente incostituzionale e a dirlo non siamo noi, ma i tribunali della repubblica. I quali hanno pi\u00f9 volte ribadito, con sentenze ineccepibili, che una limitazione della libert\u00e0 personale pu\u00f2 essere disposta solo con un provvedimento del potere giudiziario. Infatti, spiegano i giudici, atti di natura amministrativa, quali DPCM e ordinanze, \u201cstabilendo un divieto generale ed assoluto di spostamento al di fuori della propria abitazione, con limitate e specifiche eccezioni, configurano un vero e proprio obbligo di permanenza domiciliare\u201d il quale, nel nostro ordinamento giuridico, si pu\u00f2 presentare solo sotto forma di \u201cuna sanzione penale restrittiva della libert\u00e0 personale che viene irrogata dal giudice per alcuni reati\u201d. \u00c8 scritto anche nella \u201ccostituzione pi\u00f9 bella del mondo\u201d, della quale le anime belle della politica dimenticano l&#8217;articolo 13, secondo cui le misure restrittive della libert\u00e0 personale possono essere adottate solo su motivato atto dell\u2019autorit\u00e0 giudiziaria, appunto. Da qui l\u2019idea, ovvia, che neppure una legge (come i DL di Draghi) potrebbe prevedere, nel nostro ordinamento, l\u2019obbligo della permanenza domiciliare, direttamente irrogato a tutti i cittadini dal legislatore, anzich\u00e9 dall&#8217;autorit\u00e0 giudiziaria con atto motivato, senza violare il ricordato articolo 13. Ecco perch\u00e9, dopo tutti i provvedimenti liberticidi e incostituzionali che continuiamo a subire ormai da pi\u00f9 di un anno, possiamo dire che il diritto alla salute e alla libert\u00e0 non sono tra loro antitetici e queste sentenze sono in tal senso un invito alla ribellione e alla disubbidienza. Magari cominciando dalle recenti ordinanze del deprimente Stasi, sindaco per sbaglio di questa citt\u00e0 e portatore di sciagure nel fisico e nel messaggio, che potremmo usare come carta igienica. Giusto per non farci mancare niente.<\/span><\/p>\n","protected":false},"excerpt":{"rendered":"<p>{module Firma_Anton Giulio Madeo}Spero che in questa citt\u00e0 (ma, in generale, in questo paese) ci sia ancora qualcuno disposto a lottare per le proprie libert\u00e0, di cui siamo irrazionalmente privati, da circa un anno, da provvedimenti liberticidi di governi, regioni e addirittura sindaci idioti. Perch\u00e9 a questo qualcuno, se ancora ci fosse, potremmo suggerire di [&hellip;]<\/p>\n","protected":false},"author":1,"featured_media":1333,"comment_status":"open","ping_status":"open","sticky":false,"template":"","format":"standard","meta":{"footnotes":"","jetpack_publicize_message":"","jetpack_publicize_feature_enabled":true,"jetpack_social_post_already_shared":false,"jetpack_social_options":{"image_generator_settings":{"template":"highway","default_image_id":0,"font":"","enabled":false},"version":2}},"categories":[3],"tags":[],"class_list":["post-1334","post","type-post","status-publish","format-standard","has-post-thumbnail","hentry","category-editoriali"],"jetpack_publicize_connections":[],"_links":{"self":[{"href":"https:\/\/lostrappoquotidiano.it\/index.php\/wp-json\/wp\/v2\/posts\/1334","targetHints":{"allow":["GET"]}}],"collection":[{"href":"https:\/\/lostrappoquotidiano.it\/index.php\/wp-json\/wp\/v2\/posts"}],"about":[{"href":"https:\/\/lostrappoquotidiano.it\/index.php\/wp-json\/wp\/v2\/types\/post"}],"author":[{"embeddable":true,"href":"https:\/\/lostrappoquotidiano.it\/index.php\/wp-json\/wp\/v2\/users\/1"}],"replies":[{"embeddable":true,"href":"https:\/\/lostrappoquotidiano.it\/index.php\/wp-json\/wp\/v2\/comments?post=1334"}],"version-history":[{"count":0,"href":"https:\/\/lostrappoquotidiano.it\/index.php\/wp-json\/wp\/v2\/posts\/1334\/revisions"}],"wp:featuredmedia":[{"embeddable":true,"href":"https:\/\/lostrappoquotidiano.it\/index.php\/wp-json\/wp\/v2\/media\/1333"}],"wp:attachment":[{"href":"https:\/\/lostrappoquotidiano.it\/index.php\/wp-json\/wp\/v2\/media?parent=1334"}],"wp:term":[{"taxonomy":"category","embeddable":true,"href":"https:\/\/lostrappoquotidiano.it\/index.php\/wp-json\/wp\/v2\/categories?post=1334"},{"taxonomy":"post_tag","embeddable":true,"href":"https:\/\/lostrappoquotidiano.it\/index.php\/wp-json\/wp\/v2\/tags?post=1334"}],"curies":[{"name":"wp","href":"https:\/\/api.w.org\/{rel}","templated":true}]}}