{"id":1341,"date":"2021-04-06T12:13:01","date_gmt":"2021-04-06T12:13:01","guid":{"rendered":"https:\/\/lostrappoquotidiano.it\/nuovo\/index.php\/2021\/04\/06\/questi-bastardi-ci-dicano-la-verita-sui-morti-covid\/"},"modified":"2021-04-06T12:13:01","modified_gmt":"2021-04-06T12:13:01","slug":"questi-bastardi-ci-dicano-la-verita-sui-morti-covid","status":"publish","type":"post","link":"https:\/\/lostrappoquotidiano.it\/index.php\/2021\/04\/06\/questi-bastardi-ci-dicano-la-verita-sui-morti-covid\/","title":{"rendered":"Questi bastardi ci dicano la verit\u00e0 sui morti Covid"},"content":{"rendered":"<p><img loading=\"lazy\" decoding=\"async\" class=\" size-full wp-image-1340\" style=\"display: block; margin-left: auto; margin-right: auto;\" src=\"https:\/\/lostrappoquotidiano.it\/nuovo\/wp-content\/uploads\/2021\/04\/morticovid.jpg\" alt=\"\" width=\"590\" height=\"393\" srcset=\"https:\/\/lostrappoquotidiano.it\/wp-content\/uploads\/2021\/04\/morticovid.jpg 720w, https:\/\/lostrappoquotidiano.it\/wp-content\/uploads\/2021\/04\/morticovid-300x200.jpg 300w\" sizes=\"auto, (max-width: 590px) 100vw, 590px\" \/><\/p>\n<p><span style=\"font-family: 'times new roman', times, serif; font-size: 12pt;\">{module Firma_redazione}Diciamoci la verit\u00e0: la luce in fondo al tunnel della pandemia sembra lontana. Siamo ancora alle prese con la terza ondata e il piano vaccinale fatica a decollare, con la Calabria, come al solito, tra le ultime. In mezzo cresce la rabbia e il mal contento dei cittadini, che hanno visto il nuovo governo, guidato da Draghi, proseguire con il solito approccio, fatto di rigore e chiusure, per ottenere il quale la gente \u00e8 mantenuta in una perenne condizione di angoscia, quindi mai abbassare i toni, mai allentare quel terrorismo mediatico che ci inonda di numeri sui decessi, senza spiegarci se la gente muore per il Covid o per altre patologie pregresse. E\u2019 un dubbio legittimo, che si rafforza leggendo il dato dei decessi totali dichiarati dall\u2019Istat per il I bimestre 2021 (pari a 126.866), il quale, se togliamo i decessi per Covid del I bimestre contenuti nel bollettino quotidiano della Protezione civile (23.540), si riduce a 103.326 (quelli che sarebbero avvenuti per tutte le altre cause di morte), che \u00e8 tanto tanto basso da rappresentare un irrealistico calo di mortalit\u00e0 del -16,3%, che non \u00e8 credibile alla luce dell\u2019andamento dei decessi mensili e annuali degli ultimi dieci anni e della crescente mortalit\u00e0 dell\u2019ultimo decennio.\u00a0Insomma, se, ragionando, si ha la pazienza di fare un\u2019analisi comparata dei dati Istat, che tra l\u2019altro sono pubblici, si pu\u00f2 comprendere che i morti attribuiti al Covid, diffusi giornalmente in Italia, sono inaffidabili perch\u00e9 pesantemente sovrastimati. Per cui la decisione di tenere \u201ctutto chiuso\u201d non ha a che fare con \u201cla scienza\u201d ma \u00e8 una decisione politica (la crisi pandemica ha allargato di molto il banchetto del potere) e economica (gli introiti di Big Pharma, che si moltiplicherebbero notevolmente se le vaccinazioni dovessero diventare periodiche, come nel caso dell\u2019influenza stagionale), pi\u00f9 che sanitaria, che, proseguendo con il sequestro di persona che stiamo subendo da pi\u00f9 di un anno, potrebbe diventare il detonatore della rabbia sociale. Che prima o poi esploder\u00e0, perch\u00e9 se l\u2019emergenza dovesse proseguire pure a emergenza finita, pensiamo che la gente, non pi\u00f9 disposta ad accettare altri sacrifici, finir\u00e0 per disubbidire e scendere in piazza con l\u2019obiettivo di chiedere allentamenti alle misure di contenimento per questioni economiche e legate al soffocamento delle attivit\u00e0 commerciali e produttive. \u00c8 gi\u00e0 accaduto in altri paesi dell\u2019EU, dove le folle, anco prima del Covid (vedi Francia e Bielorussia) hanno sfidato lo stato e chi lo rappresenta, a cominciare dalle forze di polizia, per riappropriarsi della propria vita e di tutte quelle norme costituzionali che la regolano e la difendono. \u00c8 il crescere di un sentimento di insoddisfazione nel vedere i propri diritti calpestati. \u00c8 la voglia sacrosanta di ribellarsi, che a questo punto, se non si vuole che degeneri in semplice violenza (che forse andrebbe usata nei confronti di certi ministri), deve trovare una qualche forza politica che la rappresenti e la sostenga senza infingimenti. Se questa forza politica c\u2019\u00e8 batta un colpo, soprattutto dalle parti del centrodestra. Altrimenti qui si rischia un regime di tipo sudamericano che ci trascineremo per anni.<\/span><\/p>\n","protected":false},"excerpt":{"rendered":"<p>{module Firma_redazione}Diciamoci la verit\u00e0: la luce in fondo al tunnel della pandemia sembra lontana. Siamo ancora alle prese con la terza ondata e il piano vaccinale fatica a decollare, con la Calabria, come al solito, tra le ultime. In mezzo cresce la rabbia e il mal contento dei cittadini, che hanno visto il nuovo governo, [&hellip;]<\/p>\n","protected":false},"author":1,"featured_media":1340,"comment_status":"open","ping_status":"open","sticky":false,"template":"","format":"standard","meta":{"footnotes":"","jetpack_publicize_message":"","jetpack_publicize_feature_enabled":true,"jetpack_social_post_already_shared":false,"jetpack_social_options":{"image_generator_settings":{"template":"highway","default_image_id":0,"font":"","enabled":false},"version":2}},"categories":[3],"tags":[],"class_list":["post-1341","post","type-post","status-publish","format-standard","has-post-thumbnail","hentry","category-editoriali"],"jetpack_publicize_connections":[],"_links":{"self":[{"href":"https:\/\/lostrappoquotidiano.it\/index.php\/wp-json\/wp\/v2\/posts\/1341","targetHints":{"allow":["GET"]}}],"collection":[{"href":"https:\/\/lostrappoquotidiano.it\/index.php\/wp-json\/wp\/v2\/posts"}],"about":[{"href":"https:\/\/lostrappoquotidiano.it\/index.php\/wp-json\/wp\/v2\/types\/post"}],"author":[{"embeddable":true,"href":"https:\/\/lostrappoquotidiano.it\/index.php\/wp-json\/wp\/v2\/users\/1"}],"replies":[{"embeddable":true,"href":"https:\/\/lostrappoquotidiano.it\/index.php\/wp-json\/wp\/v2\/comments?post=1341"}],"version-history":[{"count":0,"href":"https:\/\/lostrappoquotidiano.it\/index.php\/wp-json\/wp\/v2\/posts\/1341\/revisions"}],"wp:featuredmedia":[{"embeddable":true,"href":"https:\/\/lostrappoquotidiano.it\/index.php\/wp-json\/wp\/v2\/media\/1340"}],"wp:attachment":[{"href":"https:\/\/lostrappoquotidiano.it\/index.php\/wp-json\/wp\/v2\/media?parent=1341"}],"wp:term":[{"taxonomy":"category","embeddable":true,"href":"https:\/\/lostrappoquotidiano.it\/index.php\/wp-json\/wp\/v2\/categories?post=1341"},{"taxonomy":"post_tag","embeddable":true,"href":"https:\/\/lostrappoquotidiano.it\/index.php\/wp-json\/wp\/v2\/tags?post=1341"}],"curies":[{"name":"wp","href":"https:\/\/api.w.org\/{rel}","templated":true}]}}