{"id":1357,"date":"2021-08-18T12:40:56","date_gmt":"2021-08-18T12:40:56","guid":{"rendered":"https:\/\/lostrappoquotidiano.it\/nuovo\/index.php\/2021\/08\/18\/oliverio-vs-gratteri-de-magistris-questa-sara-la-vera-sfida-per-la-regione\/"},"modified":"2021-08-18T12:40:56","modified_gmt":"2021-08-18T12:40:56","slug":"oliverio-vs-gratteri-de-magistris-questa-sara-la-vera-sfida-per-la-regione","status":"publish","type":"post","link":"https:\/\/lostrappoquotidiano.it\/index.php\/2021\/08\/18\/oliverio-vs-gratteri-de-magistris-questa-sara-la-vera-sfida-per-la-regione\/","title":{"rendered":"Oliverio vs Gratteri (de Magistris), questa sar\u00e0 la vera sfida per la regione"},"content":{"rendered":"<p><img loading=\"lazy\" decoding=\"async\" class=\" size-full wp-image-1356\" style=\"display: block; margin-left: auto; margin-right: auto;\" src=\"https:\/\/lostrappoquotidiano.it\/nuovo\/wp-content\/uploads\/2021\/08\/oliveriogratteri.jpg\" alt=\"\" width=\"567\" height=\"378\" srcset=\"https:\/\/lostrappoquotidiano.it\/wp-content\/uploads\/2021\/08\/oliveriogratteri.jpg 1800w, https:\/\/lostrappoquotidiano.it\/wp-content\/uploads\/2021\/08\/oliveriogratteri-300x200.jpg 300w, https:\/\/lostrappoquotidiano.it\/wp-content\/uploads\/2021\/08\/oliveriogratteri-1024x683.jpg 1024w, https:\/\/lostrappoquotidiano.it\/wp-content\/uploads\/2021\/08\/oliveriogratteri-768x512.jpg 768w, https:\/\/lostrappoquotidiano.it\/wp-content\/uploads\/2021\/08\/oliveriogratteri-1536x1024.jpg 1536w\" sizes=\"auto, (max-width: 567px) 100vw, 567px\" \/><\/p>\n<p><span style=\"font-family: 'times new roman', times, serif; font-size: 12pt;\">{module Firma_Anton Giulio Madeo}Qualche anno fa interrogato da un giornalista su dove si sarebbe collocato il partito liberale nel nuovo scenario del bipolarismo italiano post \u201892, Stefano De Luca, all&#8217;epoca segretario di quel partito, rispose: \u201cHa presente Di Pietro? Bene, noi ci collochiamo dalla parte opposta\u201d. Un piccolo e utile aneddoto, per capire cosa dovrebbero fare i liberali-libertari-garantisti in vista delle prossime elezioni regionali. Loro dovranno collocarsi dalla parte opposta di de Magistris, candidato gradito alle procure, e cio\u00e8 dalla parte dell\u2019ex governatore Mario Oliverio, che tra l\u2019altro correr\u00e0 coraggiosamente da solo, poich\u00e9 i rimasugli del suo partito, il PD, lo hanno di nuovo ignobilmente scaricato preferendogli la sconosciuta, sul piano politico, ricercatrice Amalia Bruni. E dalla parte di Oliverio, oltre ai liberali-libertari-garantisti, dovrebbero stare anche le vittime del circo mediatico-giudiziario, perch\u00e9, non dimentichiamolo, Oliverio \u00e8 stato ed \u00e8 tuttora l\u2019emblema delle vittime della malagiustizia italiana, per cui sostenerlo sar\u00e0 un dovere per chi, stanco degli abusi che ha commesso e continua a commettere impunita certa magistratura, vuol dire basta alle ingerenze delle procure nella vita politica e economica del paese. Perch\u00e9 Oliverio, \u00e8 bene non dimenticarlo, qualche tempo fa, quand&#8217;era ancora presidente della regione, fu spinto a non ricandidarsi per via di un&#8217;indagine della procura di Catanzaro, guidata da Gratteri, per corruzione e abuso d\u2019ufficio, che lo\u00a0obblig\u00f2 alla residenza coatta nel proprio comune di residenza, nell&#8217;ambito delle attivit\u00e0 calabresi delle aziende legate a un imprenditore considerato vicino a clan malavitosi locali, che Oliverio, per lavori che erano stati appaltati in un periodo in cui non era neanche governatore, avrebbe favorito per la realizzazione dell\u2019impianto sciistico di Lorica, cui era interessato come presidente della regione, a scapito di quelli per il rifacimento di piazza Bilotti a Cosenza, cui era invece interessato il sindaco di centrodestra della citt\u00e0. Quest\u2019ultimo poi dimessosi e quindi per niente interessato alla conclusione di un\u2019opera che non avrebbe inaugurato.\u00a0Ecco, pur in presenza di una contesa politica come le regionali dell\u2019epoca, dove sarebbero stati i reati?\u00a0Era forse un reato l\u2019esercizio di un minimo di discrezionalit\u00e0 politica? Se cos\u00ec fosse vorrebbe dire che \u00e8 la politica in quanto tale a essere abusiva, almeno quella che non piace a certe procure, le quali, in occasione di importanti eventi elettorali, intervengono spesso a gamba tesa sui candidati e sui partiti che non gradiscono, compromettendo cos\u00ec quella separazione dei poteri su cui si basa lo stato di diritto.\u00a0E allora? E allora meno male che c\u2019\u00e8 sempre un giudice a Berlino, si direbbe, che in questo caso \u00e8 il giudice dell\u2019udienza preliminare di Catanzaro, che, lo scorso gennaio, ha assolto Oliverio per insussistenza di un fatto per il quale la procura guidata da Gratteri aveva chiesto una condanna a 4 anni e 8 mesi di carcere. Si tratt\u00f2, insomma, di una bocciatura senza sconti, da parte dei giudici del tribunale di Catanzaro, delle accuse mosse dai pm contro l&#8217;ex presidente della regione. Un elemento che dovrebbe indurre, chi ancora crede nella libert\u00e0 e nello stato di diritto, a riflettere e a stare con Oliverio, simbolo di un paese che deve difendere, in ogni occasione, sia il sacro principio della separazione dei poteri sia quella presunzione di non colpevolezza prevista dall&#8217;articolo 27 della Costituzione, costantemente ignorata dai forcaioli\u00a0delle procure politicizzate\u00a0e dai loro leccaculo. Ecco perch\u00e9 votare Oliverio: un uomo con le palle che ha difeso e continua a difendere, in tutta solitudine, la propria libert\u00e0 e la propria dignit\u00e0 e che noi speriamo si ricandidi e vinca, perch\u00e9 la sua candidatura, oggi, va al di l\u00e0 della semplice elezione, essendo ormai una battaglia di principio in difesa di noi cittadini, che siamo tutti in libert\u00e0 provvisoria. Direte, e gli altri candidati, compreso il presunto liberale Occhiuto? Non sappiamo che farcene, anche se alla fine uno di loro, vista la potenza elettorale dei loro partiti, di cui scriveremo in altra occasione, finir\u00e0 per spuntarla nonostante possano dare poche garanzie, al di l\u00e0 delle solite promesse. Come diceva Luigi Einaudi, \u201cgiustizia non esiste l\u00e0 dove non vi \u00e8 libert\u00e0\u201d. Auguri.<\/span><\/p>\n","protected":false},"excerpt":{"rendered":"<p>{module Firma_Anton Giulio Madeo}Qualche anno fa interrogato da un giornalista su dove si sarebbe collocato il partito liberale nel nuovo scenario del bipolarismo italiano post \u201892, Stefano De Luca, all&#8217;epoca segretario di quel partito, rispose: \u201cHa presente Di Pietro? Bene, noi ci collochiamo dalla parte opposta\u201d. Un piccolo e utile aneddoto, per capire cosa dovrebbero [&hellip;]<\/p>\n","protected":false},"author":1,"featured_media":1356,"comment_status":"open","ping_status":"open","sticky":false,"template":"","format":"standard","meta":{"footnotes":"","jetpack_publicize_message":"","jetpack_publicize_feature_enabled":true,"jetpack_social_post_already_shared":false,"jetpack_social_options":{"image_generator_settings":{"template":"highway","default_image_id":0,"font":"","enabled":false},"version":2}},"categories":[3],"tags":[],"class_list":["post-1357","post","type-post","status-publish","format-standard","has-post-thumbnail","hentry","category-editoriali"],"jetpack_publicize_connections":[],"_links":{"self":[{"href":"https:\/\/lostrappoquotidiano.it\/index.php\/wp-json\/wp\/v2\/posts\/1357","targetHints":{"allow":["GET"]}}],"collection":[{"href":"https:\/\/lostrappoquotidiano.it\/index.php\/wp-json\/wp\/v2\/posts"}],"about":[{"href":"https:\/\/lostrappoquotidiano.it\/index.php\/wp-json\/wp\/v2\/types\/post"}],"author":[{"embeddable":true,"href":"https:\/\/lostrappoquotidiano.it\/index.php\/wp-json\/wp\/v2\/users\/1"}],"replies":[{"embeddable":true,"href":"https:\/\/lostrappoquotidiano.it\/index.php\/wp-json\/wp\/v2\/comments?post=1357"}],"version-history":[{"count":0,"href":"https:\/\/lostrappoquotidiano.it\/index.php\/wp-json\/wp\/v2\/posts\/1357\/revisions"}],"wp:featuredmedia":[{"embeddable":true,"href":"https:\/\/lostrappoquotidiano.it\/index.php\/wp-json\/wp\/v2\/media\/1356"}],"wp:attachment":[{"href":"https:\/\/lostrappoquotidiano.it\/index.php\/wp-json\/wp\/v2\/media?parent=1357"}],"wp:term":[{"taxonomy":"category","embeddable":true,"href":"https:\/\/lostrappoquotidiano.it\/index.php\/wp-json\/wp\/v2\/categories?post=1357"},{"taxonomy":"post_tag","embeddable":true,"href":"https:\/\/lostrappoquotidiano.it\/index.php\/wp-json\/wp\/v2\/tags?post=1357"}],"curies":[{"name":"wp","href":"https:\/\/api.w.org\/{rel}","templated":true}]}}