{"id":1364,"date":"2021-09-16T13:37:27","date_gmt":"2021-09-16T13:37:27","guid":{"rendered":"https:\/\/lostrappoquotidiano.it\/nuovo\/index.php\/2021\/09\/16\/caro-salvini-e-il-momento-di-scegliere-tra-novita-e-vecchia-politica\/"},"modified":"2021-09-16T13:37:27","modified_gmt":"2021-09-16T13:37:27","slug":"caro-salvini-e-il-momento-di-scegliere-tra-novita-e-vecchia-politica","status":"publish","type":"post","link":"https:\/\/lostrappoquotidiano.it\/index.php\/2021\/09\/16\/caro-salvini-e-il-momento-di-scegliere-tra-novita-e-vecchia-politica\/","title":{"rendered":"Caro Salvini, in Calabria \u00e8 il momento di scegliere tra novit\u00e0 e vecchia politica"},"content":{"rendered":"<p style=\"text-align: center;\"><img loading=\"lazy\" decoding=\"async\" class=\" size-full wp-image-861\" src=\"https:\/\/lostrappoquotidiano.it\/nuovo\/wp-content\/uploads\/2019\/06\/urna2.jpg\" alt=\"\" width=\"680\" height=\"342\" srcset=\"https:\/\/lostrappoquotidiano.it\/wp-content\/uploads\/2019\/06\/urna2.jpg 680w, https:\/\/lostrappoquotidiano.it\/wp-content\/uploads\/2019\/06\/urna2-300x151.jpg 300w\" sizes=\"auto, (max-width: 680px) 100vw, 680px\" \/><\/p>\n<p><span style=\"font-family: 'times new roman', times, serif; font-size: 12pt;\">{module Firma_redazione}Sappiamo che le prossime elezioni regionali, a meno d\u2019imprevisti e vista anche la povert\u00e0 degli avversari, saranno vinte dal centrodestra, perch\u00e9 oltre a Forza Italia, che in Calabria ha una delle sue storiche roccaforti, sono in ascesa anche Lega e Fratelli d\u2019Italia. \u00c8 un dato di fatto, che alla luce di quello che \u00e8 sempre accaduto da queste parti, ci preoccupa non poco, poich\u00e9 questa annunciata vittoria, spinta anche dai sondaggi, presenta un forte rischio: che a contare nei partiti del centrodestra (direttamente o tramite i loro congiunti, che in alcuni casi rappresentano pur sempre un\u2019evoluzione della specie) siano ancora una volta equivoci personaggi della vecchia politica, che sfrutteranno i vincitori per accaparrarsi risorse pubbliche da distribuire con finalit\u00e0 clientelari. \u00c8 la riproposizione di un vecchio malcostume della politica locale, di fronte al quale, questa volta, non si pu\u00f2 far finta di niente, perch\u00e9 oggi, a differenza del passato, quando, ad esempio, Forza Italia, alle regionali, proprio per aver imbarcato il peggio della vecchia politica fece fallire le prime giunte di centrodestra, nel pi\u00f9 totale disinteresse, nasconde un\u2019insidia: quella che la possibile affermazione elettorale del centrodestra possa risultare molto fragile e non porti nessuna novit\u00e0 e soprattutto nessuna delle attese riforme che necessitano dopo la fase pandemica, facendo cos\u00ec perdere alla Calabria, e al Sud in generale, l\u2019ennesima occasione per avviare un effettivo processo di modernizzazione politico-culturale. \u00c8 il motivo per cui sarebbe opportuno che le forze di centrodestra, a cominciare dalla Lega, proponessero agli elettori calabresi candidati capaci di sostenere e incarnare una nuova e forte proposta politica, basata su principi di novit\u00e0, come l\u2019uso dei termovalorizzatori per risolvere il problema dei rifiuti, di libert\u00e0, come l\u2019introduzione di elementi di concorrenza nella sanit\u00e0, e su quella \u201crivoluzione delle autonomie locali\u201d, pensata da lungimiranti meridionalisti quali Sturzo e Salvemini (anche per far capire a tutti, che sul discorso delle autonomie non c\u2019\u00e8 un primato del Nord), capace, come scriveva lo stesso Salvemini, di \u201cemancipare le classi dirigenti meridionali, e formare una pubblica opinione consapevole dei diritti e dei doveri di un cittadino in uno stato democratico\u201d. Sarebbe una proposta politica interessante, perch\u00e9 oltre a colmare il vuoto di idee che vediamo da tempo nella politica calabrese, sposterebbe il dibattito sulla questione meridionale dal terreno della pura assistenza a quello della libert\u00e0 e dell\u2019innovazione, in modo da far capire alla popolazione calabrese, e di conseguenza a tutto il meridione, che, come ripeteva Salvemini, \u201cper risolvere la questione meridionale \u00e8 necessario un decentramento amministrativo che dia a Roma solo i poteri essenziali\u201d. Sarebbe la prima volta che un&#8217;elezione regionale si baserebbe, finalmente, su quel concetto di federalismo concorrenziale che andiamo sostenendo da tempo e che stava alla base del progetto politico-culturale della prima Lega, che se riproposto oggi, magari inserendo nella lista dei propri riferimenti culturali anche illuminati meridionalisti, quali Sturzo, Salvemini, Guido Dorso, Giustino Fortunato, dimostrerebbe, da qui all&#8217;appuntamento elettorale del prossimo ottobre, di essere un partito che possiede lo sguardo lungo di chi \u00e8 attento pi\u00f9 alla storia che alla cronaca quotidiana, in modo che la \u201crivoluzione delle autonomie\u201d, sognata da Sturzo, diventi un potente volano per modernizzare il Sud, magari cominciando proprio dalla Calabria. Sarebbe il caso che Salvini se ne convincesse e consigliasse ai suoi dirigenti e a Occhiuto, candidato presidente, di stare lontani, anzi, lontanissimi, da certi personaggi che essendo, come li ha definiti, tempo addietro lo stesso Salvini, \u201cspazzatura\u201d, sono estranei a questo progetto.<\/span><\/p>\n","protected":false},"excerpt":{"rendered":"<p>{module Firma_redazione}Sappiamo che le prossime elezioni regionali, a meno d\u2019imprevisti e vista anche la povert\u00e0 degli avversari, saranno vinte dal centrodestra, perch\u00e9 oltre a Forza Italia, che in Calabria ha una delle sue storiche roccaforti, sono in ascesa anche Lega e Fratelli d\u2019Italia. \u00c8 un dato di fatto, che alla luce di quello che \u00e8 [&hellip;]<\/p>\n","protected":false},"author":1,"featured_media":861,"comment_status":"open","ping_status":"open","sticky":false,"template":"","format":"standard","meta":{"footnotes":"","jetpack_publicize_message":"","jetpack_publicize_feature_enabled":true,"jetpack_social_post_already_shared":false,"jetpack_social_options":{"image_generator_settings":{"template":"highway","default_image_id":0,"font":"","enabled":false},"version":2}},"categories":[3],"tags":[],"class_list":["post-1364","post","type-post","status-publish","format-standard","has-post-thumbnail","hentry","category-editoriali"],"jetpack_publicize_connections":[],"_links":{"self":[{"href":"https:\/\/lostrappoquotidiano.it\/index.php\/wp-json\/wp\/v2\/posts\/1364","targetHints":{"allow":["GET"]}}],"collection":[{"href":"https:\/\/lostrappoquotidiano.it\/index.php\/wp-json\/wp\/v2\/posts"}],"about":[{"href":"https:\/\/lostrappoquotidiano.it\/index.php\/wp-json\/wp\/v2\/types\/post"}],"author":[{"embeddable":true,"href":"https:\/\/lostrappoquotidiano.it\/index.php\/wp-json\/wp\/v2\/users\/1"}],"replies":[{"embeddable":true,"href":"https:\/\/lostrappoquotidiano.it\/index.php\/wp-json\/wp\/v2\/comments?post=1364"}],"version-history":[{"count":0,"href":"https:\/\/lostrappoquotidiano.it\/index.php\/wp-json\/wp\/v2\/posts\/1364\/revisions"}],"wp:featuredmedia":[{"embeddable":true,"href":"https:\/\/lostrappoquotidiano.it\/index.php\/wp-json\/wp\/v2\/media\/861"}],"wp:attachment":[{"href":"https:\/\/lostrappoquotidiano.it\/index.php\/wp-json\/wp\/v2\/media?parent=1364"}],"wp:term":[{"taxonomy":"category","embeddable":true,"href":"https:\/\/lostrappoquotidiano.it\/index.php\/wp-json\/wp\/v2\/categories?post=1364"},{"taxonomy":"post_tag","embeddable":true,"href":"https:\/\/lostrappoquotidiano.it\/index.php\/wp-json\/wp\/v2\/tags?post=1364"}],"curies":[{"name":"wp","href":"https:\/\/api.w.org\/{rel}","templated":true}]}}