{"id":1365,"date":"2021-09-19T17:30:30","date_gmt":"2021-09-19T17:30:30","guid":{"rendered":"https:\/\/lostrappoquotidiano.it\/nuovo\/index.php\/2021\/09\/19\/meglio-una-gallina-oggi-che-un-gallo-domani\/"},"modified":"2021-09-19T17:30:30","modified_gmt":"2021-09-19T17:30:30","slug":"meglio-una-gallina-oggi-che-un-gallo-domani","status":"publish","type":"post","link":"https:\/\/lostrappoquotidiano.it\/index.php\/2021\/09\/19\/meglio-una-gallina-oggi-che-un-gallo-domani\/","title":{"rendered":"Meglio una Gallina oggi che un Gallo domani"},"content":{"rendered":"<p style=\"text-align: center;\"><img loading=\"lazy\" decoding=\"async\" class=\" size-full wp-image-427\" src=\"https:\/\/lostrappoquotidiano.it\/nuovo\/wp-content\/uploads\/2018\/02\/galline.jpg\" alt=\"\" width=\"784\" height=\"276\" srcset=\"https:\/\/lostrappoquotidiano.it\/wp-content\/uploads\/2018\/02\/galline.jpg 784w, https:\/\/lostrappoquotidiano.it\/wp-content\/uploads\/2018\/02\/galline-300x106.jpg 300w, https:\/\/lostrappoquotidiano.it\/wp-content\/uploads\/2018\/02\/galline-768x270.jpg 768w\" sizes=\"auto, (max-width: 784px) 100vw, 784px\" \/><\/p>\n<p><span style=\"font-family: 'times new roman', times, serif; font-size: 12pt;\">{module Firma_redazione}Anche a queste latitudini quasi tutti i partiti, in vista delle prossime elezioni regionali, hanno riempito le loro liste di candidati pi\u00f9 o meno presentabili, nella speranza che possano essere utili alla causa, che \u00e8 poi quella di conservare un potere sempre di pi\u00f9 autoreferenziale. Potremmo anche sbagliarci, ma valutando i nomi e le storie personali (e politiche) dei personaggi in corsa, alcuni dei quali davvero grotteschi (come mogli e figli che sostituiscono parenti imbarazzanti o impresentabili e l\u2019eterno generale Graziano), non possiamo di certo star tranquilli, perch\u00e9 trattasi di nullit\u00e0, nel senso che non hanno nulla da proporre se non, sottobanco, i soliti ricatti clientelari e le solite promesse. Per cui il minimo che possiamo augurarci \u00e8 che, il 4 di ottobre, chi, nel nostro territorio, \u00e8 proprio intenzionato a votare scelga candidati che abbiano visibilit\u00e0, una storia personale credibile e una forte identit\u00e0 politica e professionale, che abbiano qualcosa da dire e che si battano per qualcosa di vero e riconoscibile, che non sia, ovviamente, la conservazione della riconoscibilissima poltrona. Per cui, credo che in queste elezioni, in cui ci sono interessanti candidature al femminile, come Graziella Algieri e Pasqualina Straface, il maschietto che in noi desta pi\u00f9 curiosit\u00e0 \u00e8 di sicuro Mario Gallina, il quale, se qualcuno non se ne fosse ancora accorto, perch\u00e9 di lui si parla poco, si esibisce sulla scena politica e non su Scherzi a parte e contro ogni previsione si sta battendo, in campagna elettorale e tra le altre cose, per il ritorno all&#8217;autonomia della citt\u00e0 di Corigliano (perch\u00e9, lo ricordiamo, fare e disfare i comuni \u00e8 materia ancora di competenza regionale), che vuol dire porre fine a questa farsa, dannosa e controproducente, che \u00e8 stata finora la citt\u00e0 unica e al percorso del peggiore sindaco che questo territorio abbia mai avuto. A Gallina gli auguriamo di farcela, perch\u00e9 il suo sforzo, comunque lodevole, pi\u00f9 che una semplice candidatura potrebbe essere un manifesto politico e l\u2019unica via d\u2019uscita da un incubo, e per questo andrebbe premiato da tutti gli elettori del territorio di Corigliano-Rossano che hanno capito che la fusione tra le due citt\u00e0 \u00e8 stata la pi\u00f9 pazzesca idiozia mai concepita dalla classe dirigente locale, che, tra l\u2019altro, nelle cretinate non si \u00e8 mai risparmiata, pur non raggiungendo simili vette d\u2019imbecillit\u00e0. Elettori, tra l\u2019altro, che in controluce dovrebbero punire pesantemente anche chi questa sciagurata fusione se la porta sulla coscienza: il fantastico generale Graziano. Gallina, invece, \u00e8 votabilissimo sia per il fatto di voler riportare la citt\u00e0 indietro nel tempo, agli antichi &#8220;fasti&#8221;, che hanno coinciso con l\u2019autonomia, e sia perch\u00e9, a differenza di altri candidati, che propongono la solita fuffa, non vuole prendere in giro nessuno, per cui ha un riconoscibilissimo e concreto, seppur minimo, programma politico-elettorale. E, credetemi, candidati del genere, seri, determinati e convinti di quel che dicono, sono pochi e perci\u00f2 da apprezzare, perch\u00e9 comunque fanno tremare i polsi a coloro che prematuramente avevano dato per moritura la politica vera, quella fatta con attenzione, capacit\u00e0, passione e amore per il proprio territorio. E poi, lasciatemelo dire, una sinistra radicale rivitalizzata ci fa divertire, perch\u00e9 disturber\u00e0 i sonni e i giochi della cosiddetta sinistra al caviale, quella che, magari distratta dalle scarpe di Firrao, questa fusione l\u2019ha voluta e sostenuta. Ecco perch\u00e9 per Gallina sarebbe un colpaccio se riuscisse a focalizzare l\u2019attenzione degli elettori su questo argomento, mai come ora molto sentito e controverso. Sarebbe il trionfo di chi rappresenta sul serio il nostro territorio e la nostra vecchia tradizione politica. Le nostre nonne dicevano: Gallina vecchia fa buon brodo. Credetemi, \u00e8 ancora cos\u00ec.<\/span><\/p>\n","protected":false},"excerpt":{"rendered":"<p>{module Firma_redazione}Anche a queste latitudini quasi tutti i partiti, in vista delle prossime elezioni regionali, hanno riempito le loro liste di candidati pi\u00f9 o meno presentabili, nella speranza che possano essere utili alla causa, che \u00e8 poi quella di conservare un potere sempre di pi\u00f9 autoreferenziale. Potremmo anche sbagliarci, ma valutando i nomi e le [&hellip;]<\/p>\n","protected":false},"author":1,"featured_media":427,"comment_status":"open","ping_status":"open","sticky":false,"template":"","format":"standard","meta":{"footnotes":"","jetpack_publicize_message":"","jetpack_publicize_feature_enabled":true,"jetpack_social_post_already_shared":false,"jetpack_social_options":{"image_generator_settings":{"template":"highway","default_image_id":0,"font":"","enabled":false},"version":2}},"categories":[3],"tags":[],"class_list":["post-1365","post","type-post","status-publish","format-standard","has-post-thumbnail","hentry","category-editoriali"],"jetpack_publicize_connections":[],"_links":{"self":[{"href":"https:\/\/lostrappoquotidiano.it\/index.php\/wp-json\/wp\/v2\/posts\/1365","targetHints":{"allow":["GET"]}}],"collection":[{"href":"https:\/\/lostrappoquotidiano.it\/index.php\/wp-json\/wp\/v2\/posts"}],"about":[{"href":"https:\/\/lostrappoquotidiano.it\/index.php\/wp-json\/wp\/v2\/types\/post"}],"author":[{"embeddable":true,"href":"https:\/\/lostrappoquotidiano.it\/index.php\/wp-json\/wp\/v2\/users\/1"}],"replies":[{"embeddable":true,"href":"https:\/\/lostrappoquotidiano.it\/index.php\/wp-json\/wp\/v2\/comments?post=1365"}],"version-history":[{"count":0,"href":"https:\/\/lostrappoquotidiano.it\/index.php\/wp-json\/wp\/v2\/posts\/1365\/revisions"}],"wp:featuredmedia":[{"embeddable":true,"href":"https:\/\/lostrappoquotidiano.it\/index.php\/wp-json\/wp\/v2\/media\/427"}],"wp:attachment":[{"href":"https:\/\/lostrappoquotidiano.it\/index.php\/wp-json\/wp\/v2\/media?parent=1365"}],"wp:term":[{"taxonomy":"category","embeddable":true,"href":"https:\/\/lostrappoquotidiano.it\/index.php\/wp-json\/wp\/v2\/categories?post=1365"},{"taxonomy":"post_tag","embeddable":true,"href":"https:\/\/lostrappoquotidiano.it\/index.php\/wp-json\/wp\/v2\/tags?post=1365"}],"curies":[{"name":"wp","href":"https:\/\/api.w.org\/{rel}","templated":true}]}}