{"id":1404,"date":"2022-08-19T08:08:46","date_gmt":"2022-08-19T08:08:46","guid":{"rendered":"https:\/\/lostrappoquotidiano.it\/nuovo\/index.php\/2022\/08\/19\/aiuto-il-tamarro-m-insegue\/"},"modified":"2022-08-19T08:08:46","modified_gmt":"2022-08-19T08:08:46","slug":"aiuto-il-tamarro-m-insegue","status":"publish","type":"post","link":"https:\/\/lostrappoquotidiano.it\/index.php\/2022\/08\/19\/aiuto-il-tamarro-m-insegue\/","title":{"rendered":"Aiuto, il tamarro m&#8217;insegue"},"content":{"rendered":"<p><img loading=\"lazy\" decoding=\"async\" class=\" size-full wp-image-1403\" style=\"display: block; margin-left: auto; margin-right: auto;\" src=\"https:\/\/lostrappoquotidiano.it\/nuovo\/wp-content\/uploads\/2022\/08\/cafone.jpg\" alt=\"\" width=\"524\" height=\"349\" srcset=\"https:\/\/lostrappoquotidiano.it\/wp-content\/uploads\/2022\/08\/cafone.jpg 800w, https:\/\/lostrappoquotidiano.it\/wp-content\/uploads\/2022\/08\/cafone-300x200.jpg 300w, https:\/\/lostrappoquotidiano.it\/wp-content\/uploads\/2022\/08\/cafone-768x512.jpg 768w\" sizes=\"auto, (max-width: 524px) 100vw, 524px\" \/><\/p>\n<p><span style=\"font-family: 'times new roman', times, serif; font-size: 12pt;\">{module Firma_redazione}Allora, ecco il nuovo tormentone dell\u2019estate, dopo la separazione Totti-Blasi. L\u2019ha scatenato Cristian De Sica, il quale, in un post affidato ai social e ripreso dai giornaloni, si \u00e8 scagliato contro quelle persone che hanno l\u2019abitudine di pubblicare \u201cci\u00f2 che mangiano, le panoramiche delle discoteche, tutte uguali, che frequentano, i tuffi che fanno dai motoscafi di lusso comprati facendo i tuffi oppure le immagini mentre ballano abbracciati a persone che poi odiano\u201d. Gente, secondo De Sica, che meglio rappresenta un paese diventato all&#8217;improvviso troppo cafone. Davvero bravo il nostro simpaticissimo attore, famoso per aver girato film connotati proprio dalla \u201ccafonaggine\u201d. Fa un\u2019analisi teorica perfetta, di un fenomeno molto diffuso che il nostro territorio conosce benissimo. Perch\u00e9, da nessuna altra parte la cafonaggine, che qui chiamiamo tamarria, \u00e8 forse cos\u00ec diffusa e evidente come nella nostra citt\u00e0. Peccato, per\u00f2, che questa evidenza non riguardi solo comportamenti privati pubblicati sui social, che, a dire il vero, ci toccano poco se non nell&#8217;animo, ma la cafonaggine dei comportamenti pubblici, che in questa citt\u00e0, purtroppo, ci toccano pi\u00f9 da vicino perch\u00e9 danno fastidio e per questo ci indignano, soprattutto d\u2019estate, quando dappertutto trovi volgarit\u00e0 nei modi e nei comportamenti se non altro. Infatti, in questa stagione, in cui le cose dovrebbero funzionare a meraviglia, provate a camminare per le nostre strade, oltre alle buche, che ormai fanno parte del paesaggio, troverete auto parcheggiate in mezzo alla strada, che corrono a folle velocit\u00e0 e strillano continuamente, moto smarmittate, spazzatura gettata ovunque, gente che urla anche dentro locali, bar e ristoranti, che non rispetta le file, che mangia in spiaggia e tante altre ancora. Insomma, una tamarria pazzesca e diffusa, che se qualcuno prova a far notare, rischia il linciaggio, per cui, alla fine, se ne fa una ragione, pensando che tutto quel che accade dalle nostre parti in tema di cafonaggine, faccia ormai parte della scenografia e si sopporta con rassegnazione, come se non ci fosse niente da fare, come se tutto appartenesse al nostro patrimonio culturale e perch\u00e9 no genetico. Che forse \u00e8 la spiegazione pi\u00f9 logica di questo brutto fenomeno, perch\u00e9 se giri il resto del territorio, ti accorgi che i nostri livelli di cafonaggine, pubblica e privata, non ci sono. E allora che fare: fuggire? Ma neanche per sogno, visto che qui, soprattutto in agosto, \u00e8 tutto pieno e a prezzi folli. Forse perch\u00e9 riusciamo a raccattare turisti tamarri, che da noi si trovano bene per via del loro spiccato gusto dell&#8217;orrido. Contenti loro . . .\u00a0\u00a0<\/span><\/p>\n","protected":false},"excerpt":{"rendered":"<p>{module Firma_redazione}Allora, ecco il nuovo tormentone dell\u2019estate, dopo la separazione Totti-Blasi. L\u2019ha scatenato Cristian De Sica, il quale, in un post affidato ai social e ripreso dai giornaloni, si \u00e8 scagliato contro quelle persone che hanno l\u2019abitudine di pubblicare \u201cci\u00f2 che mangiano, le panoramiche delle discoteche, tutte uguali, che frequentano, i tuffi che fanno dai [&hellip;]<\/p>\n","protected":false},"author":1,"featured_media":1403,"comment_status":"open","ping_status":"open","sticky":false,"template":"","format":"standard","meta":{"footnotes":"","jetpack_publicize_message":"","jetpack_publicize_feature_enabled":true,"jetpack_social_post_already_shared":false,"jetpack_social_options":{"image_generator_settings":{"template":"highway","default_image_id":0,"font":"","enabled":false},"version":2}},"categories":[3],"tags":[],"class_list":["post-1404","post","type-post","status-publish","format-standard","has-post-thumbnail","hentry","category-editoriali"],"jetpack_publicize_connections":[],"_links":{"self":[{"href":"https:\/\/lostrappoquotidiano.it\/index.php\/wp-json\/wp\/v2\/posts\/1404","targetHints":{"allow":["GET"]}}],"collection":[{"href":"https:\/\/lostrappoquotidiano.it\/index.php\/wp-json\/wp\/v2\/posts"}],"about":[{"href":"https:\/\/lostrappoquotidiano.it\/index.php\/wp-json\/wp\/v2\/types\/post"}],"author":[{"embeddable":true,"href":"https:\/\/lostrappoquotidiano.it\/index.php\/wp-json\/wp\/v2\/users\/1"}],"replies":[{"embeddable":true,"href":"https:\/\/lostrappoquotidiano.it\/index.php\/wp-json\/wp\/v2\/comments?post=1404"}],"version-history":[{"count":0,"href":"https:\/\/lostrappoquotidiano.it\/index.php\/wp-json\/wp\/v2\/posts\/1404\/revisions"}],"wp:featuredmedia":[{"embeddable":true,"href":"https:\/\/lostrappoquotidiano.it\/index.php\/wp-json\/wp\/v2\/media\/1403"}],"wp:attachment":[{"href":"https:\/\/lostrappoquotidiano.it\/index.php\/wp-json\/wp\/v2\/media?parent=1404"}],"wp:term":[{"taxonomy":"category","embeddable":true,"href":"https:\/\/lostrappoquotidiano.it\/index.php\/wp-json\/wp\/v2\/categories?post=1404"},{"taxonomy":"post_tag","embeddable":true,"href":"https:\/\/lostrappoquotidiano.it\/index.php\/wp-json\/wp\/v2\/tags?post=1404"}],"curies":[{"name":"wp","href":"https:\/\/api.w.org\/{rel}","templated":true}]}}